


{"id":3306,"date":"2012-05-03T16:55:53","date_gmt":"2012-05-03T16:55:53","guid":{"rendered":"https:\/\/laorquideadedarwin.com\/las-eco-lecturas-en-los-centros-escolares\/"},"modified":"2020-07-26T17:15:58","modified_gmt":"2020-07-26T17:15:58","slug":"las-eco-lecturas-en-los-centros-escolares","status":"publish","type":"post","link":"https:\/\/laorquideadedarwin.com\/va\/las-eco-lecturas-en-los-centros-escolares\/","title":{"rendered":"Les eco-lectures en els centres escolars"},"content":{"rendered":"<p>Els problemes mediambientals fan que siga imprescindible treballar de manera urgent en educaci\u00f3 ambiental. Gran part de la humanitat s&#8217;ha allunyat de la naturalesa en els \u00faltims 50 anys. Les persones <strong>ja no posse\u00efm els coneixements sobre el medi natural que posse\u00efen les generacions dels nostres majors<\/strong> i les que els van precedir. No tindre l&#8217;entorn natural al nostre abast impedeix \u00abconviure amb ell\u00bb i aix\u00f2 dificulta la seua comprensi\u00f3 i, amb aix\u00f2, el desig de preservar-lo.<\/p>\n<p>Si les persones en aquestes dues o tres \u00faltimes generacions s&#8217;han allunyat del medi natural, \u00e9s necessari tornar a acostar-nos a ell per a poder con\u00e9ixer-ho, d&#8217;aquesta manera podrem estimar-ho i com a conseq\u00fc\u00e8ncia defensar-ho. <strong>No es pot estimar el que no es coneix ni defensar el que no s&#8217;estima<\/strong>. Reconnectar amb el natural ha de fer-se des d&#8217;edats primerenques, aix\u00ed \u00e9s possible que hi haja generacions m\u00e9s amables amb el nostre planeta en el futur. Per aix\u00f2, presentem la segona edici\u00f3, ampliada, de l&#8217;arbret que volia cr\u00e9ixer, per a ajudar a l&#8217;educaci\u00f3 ambiental en edats primerenques des dels centres educatius.<\/p>\n<p>Els contes han sigut, al llarg de la hist\u00f2ria, un pilar fonamental en la transmissi\u00f3 del coneixement, ja siguen comptats o llegits, porten als lectors a una experi\u00e8ncia i a viv\u00e8ncies a trav\u00e9s dels personatges. Aix\u00f2 fa que els temes tractats en les hist\u00f2ries siguen m\u00e9s pr\u00f2xims, i per tant, m\u00e9s f\u00e0cils d&#8217;assimilar. <strong>Les eco-lectures es converteixen en un bon m\u00e8tode d&#8217;acostament de la joventut al medi natural, aix\u00ed augmenta la comprensi\u00f3 sobre el funcionament i les connexions en el medi ambient<\/strong>.<\/p>\n<p>Llavors: com introduir les eco-lectures en els centres escolars? La iniciaci\u00f3 ha de ser progressiva i, al seu torn, dividir-se en etapes amb diferents objectius. \u00c9s necessari una adaptaci\u00f3 al grup d&#8217;edat. En edats primerenques, tant infantil com primer cicle de prim\u00e0ria, s\u00f3n recomanables les eco-lectures que parlen del medi ambient i ajuden a comprendre-ho i valorar-lo, sense haver de parlar dels problemes que existeixen en ell, simplement mostrant bons h\u00e0bits.<\/p>\n<div id=\"attachment_3301\" style=\"width: 1069px\" class=\"wp-caption aligncenter\"><a href=\"https:\/\/laorquideadedarwin.com\/wp-content\/uploads\/2020\/07\/cuento_educaci\u00f3n_ambiental_bosque_emociones_ODS_lectura.jpg\"><img loading=\"lazy\" decoding=\"async\" aria-describedby=\"caption-attachment-3301\" class=\"wp-image-3301 size-full\" src=\"https:\/\/laorquideadedarwin.com\/wp-content\/uploads\/2020\/07\/cuento_educaci\u00f3n_ambiental_bosque_emociones_ODS_lectura.jpg\" alt=\"eco-lectures centres educatius\" width=\"1059\" height=\"506\" srcset=\"https:\/\/laorquideadedarwin.com\/wp-content\/uploads\/2020\/07\/cuento_educaci\u00f3n_ambiental_bosque_emociones_ODS_lectura.jpg 1059w, https:\/\/laorquideadedarwin.com\/wp-content\/uploads\/2020\/07\/cuento_educaci\u00f3n_ambiental_bosque_emociones_ODS_lectura-300x143.jpg 300w, https:\/\/laorquideadedarwin.com\/wp-content\/uploads\/2020\/07\/cuento_educaci\u00f3n_ambiental_bosque_emociones_ODS_lectura-1024x489.jpg 1024w, https:\/\/laorquideadedarwin.com\/wp-content\/uploads\/2020\/07\/cuento_educaci\u00f3n_ambiental_bosque_emociones_ODS_lectura-768x367.jpg 768w, https:\/\/laorquideadedarwin.com\/wp-content\/uploads\/2020\/07\/cuento_educaci\u00f3n_ambiental_bosque_emociones_ODS_lectura-294x140.jpg 294w, https:\/\/laorquideadedarwin.com\/wp-content\/uploads\/2020\/07\/cuento_educaci\u00f3n_ambiental_bosque_emociones_ODS_lectura-380x182.jpg 380w\" sizes=\"auto, (max-width: 1059px) 100vw, 1059px\" \/><\/a><p id=\"caption-attachment-3301\" class=\"wp-caption-text\">Imatge: il\u00b7lustraci\u00f3 de Marina Pinilla, per a la segona edici\u00f3 (Foto: Natura i Cultura).<\/p><\/div>\n<p>&nbsp;<\/p>\n<p>Des de l&#8217;editorial <em>L&#8217;Orqu\u00eddia de Darwin<\/em>, amb <em>L&#8217;arbret que volia cr\u00e9ixer<\/em>, un llibre adaptat als xicotets, obrim una finestra per a concertar i aprendre sobre el bosc i la import\u00e0ncia que t\u00e9 per a les persones. \u00c9s un conte que genera emocions, i ja sabem que:<\/p>\n<p style=\"text-align: center;\"><em>\u00a0\u00abEl maneig de les nostres emocions pot ser un factor tan decisiu, o m\u00e9s, que el coeficient intel\u00b7lectual, ja que \u00e9s necessari educar les emocions per a fer-nos conscients i sensibles del que ocorre al nostre voltant\u00bb (Goleman, 2011).<\/em><\/p>\n<p>En paraules de Goleman, <strong>\u00e9s important educar en emocions \u00abper a fer-nos conscients i sensibles al que ocorre en el nostre voltant\u00bb<\/strong>. Aquest \u00e9s el motiu que fa important treballar a trav\u00e9s de les eco-lectures, aporten coneixement i generen emocions, la qual cosa porta a tindre vincles positius amb el planeta i els \u00e9ssers que l&#8217;habiten. Aquesta seria la primera fase de l&#8217;educaci\u00f3 ambiental tal com planteja Jos\u00e9 Antonio Corraliza, catedr\u00e0tic de Psicologia Ambiental de la Universitat Aut\u00f2noma de Madrid.<\/p>\n<p><em>L&#8217;arbret que volia cr\u00e9ixer<\/em> \u00e9s un llibre dirigit a infantil i primer cicle de prim\u00e0ria. Compte la hist\u00f2ria d&#8217;un xicotet arbre que desitja cr\u00e9ixer per a ser admirat per les persones que visiten el bosc \u2014tots els xiquets volen ser majors\u2014. Els lectors descobriran la import\u00e0ncia dels arbres i del bosc en l&#8217;equilibri natural, aprendran que \u00e9s \u00fatil per a les persones, per\u00f2 fent \u00fas racional dels seus recursos. <strong>Es tracta d&#8217;una bonica hist\u00f2ria on el nostre protagonista passar\u00e0 per diverses emocions<\/strong> fent-nos participes d&#8217;elles. Gr\u00e0cies a una fada, l&#8217;arbret ser\u00e0 capa\u00e7 de valorar-se aix\u00ed mateix i, alhora, valorar l&#8217;entorn que li envolta. Finalment, la hist\u00f2ria ens ajuda a descobrir que la lectura ens fa diferents, que gr\u00e0cies a ella, <strong>coneixerem millor el nostre entorn i el conservarem.<\/strong><\/p>\n<p>&nbsp;<\/p>\n","protected":false},"excerpt":{"rendered":"<p>Els problemes mediambientals fan que siga imprescindible treballar de manera urgent en educaci\u00f3 ambiental. Gran part de la humanitat s&#8217;ha [&hellip;]<\/p>\n","protected":false},"author":2,"featured_media":3304,"comment_status":"open","ping_status":"open","sticky":false,"template":"","format":"standard","meta":{"_acf_changed":false,"footnotes":""},"categories":[103],"tags":[390,443,442,392],"class_list":["post-3306","post","type-post","status-publish","format-standard","has-post-thumbnail","hentry","category-editorial-va","tag-animacion-lectora-va","tag-arbre","tag-bosc","tag-ods-va"],"acf":[],"yoast_head":"<!-- This site is optimized with the Yoast SEO plugin v26.7 - https:\/\/yoast.com\/wordpress\/plugins\/seo\/ -->\n<title>Les eco-lectures en els centres escolars - La Orqu\u00eddea de Darwin<\/title>\n<meta name=\"robots\" content=\"index, follow, max-snippet:-1, max-image-preview:large, max-video-preview:-1\" \/>\n<link rel=\"canonical\" href=\"https:\/\/laorquideadedarwin.com\/va\/las-eco-lecturas-en-los-centros-escolares\/\" \/>\n<meta property=\"og:locale\" content=\"en_US\" \/>\n<meta property=\"og:type\" content=\"article\" \/>\n<meta property=\"og:title\" content=\"Les eco-lectures en els centres escolars - La Orqu\u00eddea de Darwin\" \/>\n<meta property=\"og:description\" content=\"Els problemes mediambientals fan que siga imprescindible treballar de manera urgent en educaci\u00f3 ambiental. Gran part de la humanitat s&#8217;ha [&hellip;]\" \/>\n<meta property=\"og:url\" content=\"https:\/\/laorquideadedarwin.com\/va\/las-eco-lecturas-en-los-centros-escolares\/\" \/>\n<meta property=\"og:site_name\" content=\"La Orqu\u00eddea de Darwin\" \/>\n<meta property=\"article:published_time\" content=\"2012-05-03T16:55:53+00:00\" \/>\n<meta property=\"article:modified_time\" content=\"2020-07-26T17:15:58+00:00\" \/>\n<meta property=\"og:image\" content=\"https:\/\/laorquideadedarwin.com\/wp-content\/uploads\/2020\/07\/cuento_educaci\u00f3n_ambienta_ODS_bosque.jpg\" \/>\n\t<meta property=\"og:image:width\" content=\"1191\" \/>\n\t<meta property=\"og:image:height\" content=\"488\" \/>\n\t<meta property=\"og:image:type\" content=\"image\/jpeg\" \/>\n<meta name=\"author\" content=\"Albano L\u00f3pez\" \/>\n<meta name=\"twitter:card\" content=\"summary_large_image\" \/>\n<meta name=\"twitter:label1\" content=\"Written by\" \/>\n\t<meta name=\"twitter:data1\" content=\"Albano L\u00f3pez\" \/>\n\t<meta name=\"twitter:label2\" content=\"Est. reading time\" \/>\n\t<meta name=\"twitter:data2\" content=\"3 minutes\" \/>\n<script type=\"application\/ld+json\" class=\"yoast-schema-graph\">{\"@context\":\"https:\/\/schema.org\",\"@graph\":[{\"@type\":\"Article\",\"@id\":\"https:\/\/laorquideadedarwin.com\/va\/las-eco-lecturas-en-los-centros-escolares\/#article\",\"isPartOf\":{\"@id\":\"https:\/\/laorquideadedarwin.com\/va\/las-eco-lecturas-en-los-centros-escolares\/\"},\"author\":{\"name\":\"Albano L\u00f3pez\",\"@id\":\"https:\/\/laorquideadedarwin.com\/#\/schema\/person\/b0e6530cb9f98437f091792b19c28404\"},\"headline\":\"Les eco-lectures en els centres escolars\",\"datePublished\":\"2012-05-03T16:55:53+00:00\",\"dateModified\":\"2020-07-26T17:15:58+00:00\",\"mainEntityOfPage\":{\"@id\":\"https:\/\/laorquideadedarwin.com\/va\/las-eco-lecturas-en-los-centros-escolares\/\"},\"wordCount\":688,\"commentCount\":0,\"image\":{\"@id\":\"https:\/\/laorquideadedarwin.com\/va\/las-eco-lecturas-en-los-centros-escolares\/#primaryimage\"},\"thumbnailUrl\":\"https:\/\/laorquideadedarwin.com\/wp-content\/uploads\/2020\/07\/cuento_educaci\u00f3n_ambienta_ODS_bosque.jpg\",\"keywords\":[\"animaci\u00f3n lectora\",\"Arbre\",\"Bosc\",\"ODS\"],\"articleSection\":[\"Editorial\"],\"inLanguage\":\"ca\",\"potentialAction\":[{\"@type\":\"CommentAction\",\"name\":\"Comment\",\"target\":[\"https:\/\/laorquideadedarwin.com\/va\/las-eco-lecturas-en-los-centros-escolares\/#respond\"]}]},{\"@type\":\"WebPage\",\"@id\":\"https:\/\/laorquideadedarwin.com\/va\/las-eco-lecturas-en-los-centros-escolares\/\",\"url\":\"https:\/\/laorquideadedarwin.com\/va\/las-eco-lecturas-en-los-centros-escolares\/\",\"name\":\"Les eco-lectures en els centres escolars - La Orqu\u00eddea de Darwin\",\"isPartOf\":{\"@id\":\"https:\/\/laorquideadedarwin.com\/#website\"},\"primaryImageOfPage\":{\"@id\":\"https:\/\/laorquideadedarwin.com\/va\/las-eco-lecturas-en-los-centros-escolares\/#primaryimage\"},\"image\":{\"@id\":\"https:\/\/laorquideadedarwin.com\/va\/las-eco-lecturas-en-los-centros-escolares\/#primaryimage\"},\"thumbnailUrl\":\"https:\/\/laorquideadedarwin.com\/wp-content\/uploads\/2020\/07\/cuento_educaci\u00f3n_ambienta_ODS_bosque.jpg\",\"datePublished\":\"2012-05-03T16:55:53+00:00\",\"dateModified\":\"2020-07-26T17:15:58+00:00\",\"author\":{\"@id\":\"https:\/\/laorquideadedarwin.com\/#\/schema\/person\/b0e6530cb9f98437f091792b19c28404\"},\"breadcrumb\":{\"@id\":\"https:\/\/laorquideadedarwin.com\/va\/las-eco-lecturas-en-los-centros-escolares\/#breadcrumb\"},\"inLanguage\":\"ca\",\"potentialAction\":[{\"@type\":\"ReadAction\",\"target\":[\"https:\/\/laorquideadedarwin.com\/va\/las-eco-lecturas-en-los-centros-escolares\/\"]}]},{\"@type\":\"ImageObject\",\"inLanguage\":\"ca\",\"@id\":\"https:\/\/laorquideadedarwin.com\/va\/las-eco-lecturas-en-los-centros-escolares\/#primaryimage\",\"url\":\"https:\/\/laorquideadedarwin.com\/wp-content\/uploads\/2020\/07\/cuento_educaci\u00f3n_ambienta_ODS_bosque.jpg\",\"contentUrl\":\"https:\/\/laorquideadedarwin.com\/wp-content\/uploads\/2020\/07\/cuento_educaci\u00f3n_ambienta_ODS_bosque.jpg\",\"width\":1191,\"height\":488,\"caption\":\"Conte educaci ambiental Bosc i ODS\"},{\"@type\":\"BreadcrumbList\",\"@id\":\"https:\/\/laorquideadedarwin.com\/va\/las-eco-lecturas-en-los-centros-escolares\/#breadcrumb\",\"itemListElement\":[{\"@type\":\"ListItem\",\"position\":1,\"name\":\"Portada\",\"item\":\"https:\/\/laorquideadedarwin.com\/va\/\"},{\"@type\":\"ListItem\",\"position\":2,\"name\":\"Les eco-lectures en els centres escolars\"}]},{\"@type\":\"WebSite\",\"@id\":\"https:\/\/laorquideadedarwin.com\/#website\",\"url\":\"https:\/\/laorquideadedarwin.com\/\",\"name\":\"La Orqu\u00eddea de Darwin\",\"description\":\"Colecci\u00f3n de cuentos sobre temas ambientales\",\"potentialAction\":[{\"@type\":\"SearchAction\",\"target\":{\"@type\":\"EntryPoint\",\"urlTemplate\":\"https:\/\/laorquideadedarwin.com\/?s={search_term_string}\"},\"query-input\":{\"@type\":\"PropertyValueSpecification\",\"valueRequired\":true,\"valueName\":\"search_term_string\"}}],\"inLanguage\":\"ca\"},{\"@type\":\"Person\",\"@id\":\"https:\/\/laorquideadedarwin.com\/#\/schema\/person\/b0e6530cb9f98437f091792b19c28404\",\"name\":\"Albano L\u00f3pez\",\"image\":{\"@type\":\"ImageObject\",\"inLanguage\":\"ca\",\"@id\":\"https:\/\/laorquideadedarwin.com\/#\/schema\/person\/image\/\",\"url\":\"https:\/\/secure.gravatar.com\/avatar\/3caca30a3eaa11bfcc8e65e7e716a2ebfbc9d2cc5d2ebe9c2cb4ec2450ec7aad?s=96&d=mm&r=g\",\"contentUrl\":\"https:\/\/secure.gravatar.com\/avatar\/3caca30a3eaa11bfcc8e65e7e716a2ebfbc9d2cc5d2ebe9c2cb4ec2450ec7aad?s=96&d=mm&r=g\",\"caption\":\"Albano L\u00f3pez\"}}]}<\/script>\n<!-- \/ Yoast SEO plugin. -->","yoast_head_json":{"title":"Les eco-lectures en els centres escolars - La Orqu\u00eddea de Darwin","robots":{"index":"index","follow":"follow","max-snippet":"max-snippet:-1","max-image-preview":"max-image-preview:large","max-video-preview":"max-video-preview:-1"},"canonical":"https:\/\/laorquideadedarwin.com\/va\/las-eco-lecturas-en-los-centros-escolares\/","og_locale":"en_US","og_type":"article","og_title":"Les eco-lectures en els centres escolars - La Orqu\u00eddea de Darwin","og_description":"Els problemes mediambientals fan que siga imprescindible treballar de manera urgent en educaci\u00f3 ambiental. Gran part de la humanitat s&#8217;ha [&hellip;]","og_url":"https:\/\/laorquideadedarwin.com\/va\/las-eco-lecturas-en-los-centros-escolares\/","og_site_name":"La Orqu\u00eddea de Darwin","article_published_time":"2012-05-03T16:55:53+00:00","article_modified_time":"2020-07-26T17:15:58+00:00","og_image":[{"width":1191,"height":488,"url":"https:\/\/laorquideadedarwin.com\/wp-content\/uploads\/2020\/07\/cuento_educaci\u00f3n_ambienta_ODS_bosque.jpg","type":"image\/jpeg"}],"author":"Albano L\u00f3pez","twitter_card":"summary_large_image","twitter_misc":{"Written by":"Albano L\u00f3pez","Est. reading time":"3 minutes"},"schema":{"@context":"https:\/\/schema.org","@graph":[{"@type":"Article","@id":"https:\/\/laorquideadedarwin.com\/va\/las-eco-lecturas-en-los-centros-escolares\/#article","isPartOf":{"@id":"https:\/\/laorquideadedarwin.com\/va\/las-eco-lecturas-en-los-centros-escolares\/"},"author":{"name":"Albano L\u00f3pez","@id":"https:\/\/laorquideadedarwin.com\/#\/schema\/person\/b0e6530cb9f98437f091792b19c28404"},"headline":"Les eco-lectures en els centres escolars","datePublished":"2012-05-03T16:55:53+00:00","dateModified":"2020-07-26T17:15:58+00:00","mainEntityOfPage":{"@id":"https:\/\/laorquideadedarwin.com\/va\/las-eco-lecturas-en-los-centros-escolares\/"},"wordCount":688,"commentCount":0,"image":{"@id":"https:\/\/laorquideadedarwin.com\/va\/las-eco-lecturas-en-los-centros-escolares\/#primaryimage"},"thumbnailUrl":"https:\/\/laorquideadedarwin.com\/wp-content\/uploads\/2020\/07\/cuento_educaci\u00f3n_ambienta_ODS_bosque.jpg","keywords":["animaci\u00f3n lectora","Arbre","Bosc","ODS"],"articleSection":["Editorial"],"inLanguage":"ca","potentialAction":[{"@type":"CommentAction","name":"Comment","target":["https:\/\/laorquideadedarwin.com\/va\/las-eco-lecturas-en-los-centros-escolares\/#respond"]}]},{"@type":"WebPage","@id":"https:\/\/laorquideadedarwin.com\/va\/las-eco-lecturas-en-los-centros-escolares\/","url":"https:\/\/laorquideadedarwin.com\/va\/las-eco-lecturas-en-los-centros-escolares\/","name":"Les eco-lectures en els centres escolars - La Orqu\u00eddea de Darwin","isPartOf":{"@id":"https:\/\/laorquideadedarwin.com\/#website"},"primaryImageOfPage":{"@id":"https:\/\/laorquideadedarwin.com\/va\/las-eco-lecturas-en-los-centros-escolares\/#primaryimage"},"image":{"@id":"https:\/\/laorquideadedarwin.com\/va\/las-eco-lecturas-en-los-centros-escolares\/#primaryimage"},"thumbnailUrl":"https:\/\/laorquideadedarwin.com\/wp-content\/uploads\/2020\/07\/cuento_educaci\u00f3n_ambienta_ODS_bosque.jpg","datePublished":"2012-05-03T16:55:53+00:00","dateModified":"2020-07-26T17:15:58+00:00","author":{"@id":"https:\/\/laorquideadedarwin.com\/#\/schema\/person\/b0e6530cb9f98437f091792b19c28404"},"breadcrumb":{"@id":"https:\/\/laorquideadedarwin.com\/va\/las-eco-lecturas-en-los-centros-escolares\/#breadcrumb"},"inLanguage":"ca","potentialAction":[{"@type":"ReadAction","target":["https:\/\/laorquideadedarwin.com\/va\/las-eco-lecturas-en-los-centros-escolares\/"]}]},{"@type":"ImageObject","inLanguage":"ca","@id":"https:\/\/laorquideadedarwin.com\/va\/las-eco-lecturas-en-los-centros-escolares\/#primaryimage","url":"https:\/\/laorquideadedarwin.com\/wp-content\/uploads\/2020\/07\/cuento_educaci\u00f3n_ambienta_ODS_bosque.jpg","contentUrl":"https:\/\/laorquideadedarwin.com\/wp-content\/uploads\/2020\/07\/cuento_educaci\u00f3n_ambienta_ODS_bosque.jpg","width":1191,"height":488,"caption":"Conte educaci ambiental Bosc i ODS"},{"@type":"BreadcrumbList","@id":"https:\/\/laorquideadedarwin.com\/va\/las-eco-lecturas-en-los-centros-escolares\/#breadcrumb","itemListElement":[{"@type":"ListItem","position":1,"name":"Portada","item":"https:\/\/laorquideadedarwin.com\/va\/"},{"@type":"ListItem","position":2,"name":"Les eco-lectures en els centres escolars"}]},{"@type":"WebSite","@id":"https:\/\/laorquideadedarwin.com\/#website","url":"https:\/\/laorquideadedarwin.com\/","name":"La Orqu\u00eddea de Darwin","description":"Colecci\u00f3n de cuentos sobre temas ambientales","potentialAction":[{"@type":"SearchAction","target":{"@type":"EntryPoint","urlTemplate":"https:\/\/laorquideadedarwin.com\/?s={search_term_string}"},"query-input":{"@type":"PropertyValueSpecification","valueRequired":true,"valueName":"search_term_string"}}],"inLanguage":"ca"},{"@type":"Person","@id":"https:\/\/laorquideadedarwin.com\/#\/schema\/person\/b0e6530cb9f98437f091792b19c28404","name":"Albano L\u00f3pez","image":{"@type":"ImageObject","inLanguage":"ca","@id":"https:\/\/laorquideadedarwin.com\/#\/schema\/person\/image\/","url":"https:\/\/secure.gravatar.com\/avatar\/3caca30a3eaa11bfcc8e65e7e716a2ebfbc9d2cc5d2ebe9c2cb4ec2450ec7aad?s=96&d=mm&r=g","contentUrl":"https:\/\/secure.gravatar.com\/avatar\/3caca30a3eaa11bfcc8e65e7e716a2ebfbc9d2cc5d2ebe9c2cb4ec2450ec7aad?s=96&d=mm&r=g","caption":"Albano L\u00f3pez"}}]}},"_links":{"self":[{"href":"https:\/\/laorquideadedarwin.com\/va\/wp-json\/wp\/v2\/posts\/3306","targetHints":{"allow":["GET"]}}],"collection":[{"href":"https:\/\/laorquideadedarwin.com\/va\/wp-json\/wp\/v2\/posts"}],"about":[{"href":"https:\/\/laorquideadedarwin.com\/va\/wp-json\/wp\/v2\/types\/post"}],"author":[{"embeddable":true,"href":"https:\/\/laorquideadedarwin.com\/va\/wp-json\/wp\/v2\/users\/2"}],"replies":[{"embeddable":true,"href":"https:\/\/laorquideadedarwin.com\/va\/wp-json\/wp\/v2\/comments?post=3306"}],"version-history":[{"count":0,"href":"https:\/\/laorquideadedarwin.com\/va\/wp-json\/wp\/v2\/posts\/3306\/revisions"}],"wp:featuredmedia":[{"embeddable":true,"href":"https:\/\/laorquideadedarwin.com\/va\/wp-json\/wp\/v2\/media\/3304"}],"wp:attachment":[{"href":"https:\/\/laorquideadedarwin.com\/va\/wp-json\/wp\/v2\/media?parent=3306"}],"wp:term":[{"taxonomy":"category","embeddable":true,"href":"https:\/\/laorquideadedarwin.com\/va\/wp-json\/wp\/v2\/categories?post=3306"},{"taxonomy":"post_tag","embeddable":true,"href":"https:\/\/laorquideadedarwin.com\/va\/wp-json\/wp\/v2\/tags?post=3306"}],"curies":[{"name":"wp","href":"https:\/\/api.w.org\/{rel}","templated":true}]}}