


{"id":2707,"date":"2019-04-23T15:32:14","date_gmt":"2019-04-23T15:32:14","guid":{"rendered":"https:\/\/laorquideadedarwin.com\/el-habito-de-lectura-en-los-ninos-y-ninas-%ef%bb%bf\/"},"modified":"2019-04-23T15:32:14","modified_gmt":"2019-04-23T15:32:14","slug":"el-habito-de-lectura-en-los-ninos-y-ninas-%ef%bb%bf","status":"publish","type":"post","link":"https:\/\/laorquideadedarwin.com\/va\/el-habito-de-lectura-en-los-ninos-y-ninas-%ef%bb%bf\/","title":{"rendered":"El Homo sapiens creo la literatura, es de \u00absapiens\u00bb promover el h\u00e1bito de lectura en los ni\u00f1os y ni\u00f1as"},"content":{"rendered":"\r\n<p>Tal como cuentan Ignacio Mart\u00ednez y Juan Luis Arsuaga, unos de los \u00abpadres de Atapuerca\u00bb, parece ser que los <em>Homo heidelbergensis<\/em> o al menos los pre-neandertales, pod\u00edan hablar correctamente como lo hacemos nosotros. Esta conclusi\u00f3n surge del estudio comparado del o\u00eddo medio y el o\u00eddo externo de cinco de f\u00f3siles humanos de la Sima de los Huesos de Atapuerca, con el de cuatro humanos actuales y cuatro chimpanc\u00e9s.<\/p>\r\n\r\n\r\n\r\n<p>Seg\u00fan sus investigaciones, los sonidos que emitir\u00edan estos hom\u00ednidos ancestrales, de hace unos 400.000 a\u00f1os, ser\u00edan muy similares a los que ahora hacemos las personas. Y podemos ir un poco m\u00e1s all\u00e1, si los <em>heidelbergensis<\/em> podr\u00edan hablar, y nosotros <em>sapiens<\/em> podemos hablar\u2026 nuestro antepasado com\u00fan, el <em>Homo antecesor<\/em>, es muy posible que tambi\u00e9n pudiese hablar.<\/p>\r\n\r\n\r\n\r\n<p>Es casi seguro que podemos \u00abhablar\u00bb desde hace miles de a\u00f1os. Pero la pregunta clave es \u00bfdesde cu\u00e1ndo nuestros antepasados ten\u00edan un lenguaje complejo, surgido de una mente compleja? \u00bfInventaban historias y hablaban entre ellos para mejorar la supervivencia del grupo? \u00bfHac\u00edan \u00abliteratura oral\u00bb o contaban cuentos a sus ni\u00f1os y a sus ni\u00f1as alrededor de la hoguera? La respuesta no es f\u00e1cil. Y aunque no cabe duda de que los genes limitan el comportamiento, la respuesta es s\u00ed, ya que la cultura y la comunicaci\u00f3n \u2014mediante el lenguaje, la imagen o la m\u00fasica\u2014 han jugado un papel fundamental en la evoluci\u00f3n humana. Se sabe que aqu\u00ed juega un papel fundamental la imaginaci\u00f3n y la creatividad, que son fruto de la interacci\u00f3n entre los genes y la cultura misma. La cultura es la caracter\u00edstica diferencial de nuestra especie, y es consecuencia de la evoluci\u00f3n gen\u00e9tica.<\/p>\r\n\r\n\r\n\r\n<p>Podemos decir que <strong>el <em>Homo sapiens<\/em> es la especie del arte-cultura, donde debemos destacar la literatura<\/strong>, que tiene su origen en la mente compleja asociada al lenguaje, a la comunicaci\u00f3n social m\u00e1s all\u00e1 de lo evidente. La literatura es una caracter\u00edstica humana, relata atributos humanos, y nos interesa pues sus protagonistas generan emociones \u2014positivas y negativas\u2014 en los lectores.<\/p>\r\n\r\n\r\n\r\n<p>Tambi\u00e9n es una caracter\u00edstica humana, de nuestra evoluci\u00f3n, hacer juicios de valor entre actos buenos y malos; somos seres \u00e9ticos por naturaleza biol\u00f3gica y como consecuencia de la \u00abinteligencia\u00bb que nos capacita para evaluar comportamientos correctos e incorrectos.<\/p>\r\n\r\n\r\n\r\n<p><br \/>Por el momento, podemos decir que nuestra especie es fruto de la interacci\u00f3n genes-cultura, y que <strong>la literatura es una herramienta importante de comunicaci\u00f3n, an\u00e1lisis y transmisi\u00f3n de valores que permiten mejorar la sociedad<\/strong> que conformamos como especie. Una raz\u00f3n b\u00e1sica para justificar \u00abque debemos leer e inculcar en nuestros hijos e hijas el h\u00e1bito de la lectura\u00bb.<\/p>\r\n\r\n\r\n\r\n<p>La escuela ha sido siempre la principal \u00abcliente y promotora\u00bb de la lectura infantil, pero es bueno que las familias valoren esta necesidad y la promuevan en el hogar, haci\u00e9ndose participes del proceso lector. Con el que se consiguen cuatro objetivos:<\/p>\r\n\r\n\r\n\r\n<ul class=\"wp-block-list\">\r\n<li>Facilitar el acceso de los ni\u00f1os y ni\u00f1as a visiones diversas de la sociedad en la que viven y capacitarles para establecer valoraciones cr\u00edticas.<\/li>\r\n<li>Impulsar el aprendizaje y el establecimiento de v\u00ednculos utilizando la palabra, la narraci\u00f3n, la poes\u00eda y el resto de elementos del arte-cultura.<\/li>\r\n<li>Facilitar la socializaci\u00f3n y participaci\u00f3n en el mundo globalizado.<\/li>\r\n<li>Ayudar a generar nuevos modelos de cultura y de valores que orienten el devenir del mundo en el que vivimos.<\/li>\r\n<\/ul>\r\n\r\n\r\n\r\n<p>Con la literatura infantil y otros recursos para la promoci\u00f3n de la cultura en la juventud, orientaremos la evoluci\u00f3n humana y ser\u00e1 m\u00e1s f\u00e1cil que hagamos honor al nombre que nos hemos puesto: <em>Homo sapiens<\/em>.<\/p>\r\n","protected":false},"excerpt":{"rendered":"<p>Tal como cuentan Ignacio Mart\u00ednez y Juan Luis Arsuaga, unos de los \u00abpadres de Atapuerca\u00bb, parece ser que los Homo [&hellip;]<\/p>\n","protected":false},"author":1,"featured_media":2702,"comment_status":"open","ping_status":"open","sticky":false,"template":"","format":"standard","meta":{"_acf_changed":false,"footnotes":""},"categories":[215,300],"tags":[284],"class_list":["post-2707","post","type-post","status-publish","format-standard","has-post-thumbnail","hentry","category-lectura","category-literatura-2","tag-literatura-2"],"acf":[],"yoast_head":"<!-- This site is optimized with the Yoast SEO plugin v26.7 - https:\/\/yoast.com\/wordpress\/plugins\/seo\/ -->\n<title>El Homo sapiens creo la literatura, es de \u00absapiens\u00bb promover el h\u00e1bito de lectura en los ni\u00f1os y ni\u00f1as - La Orqu\u00eddea de Darwin<\/title>\n<meta name=\"robots\" content=\"index, follow, max-snippet:-1, max-image-preview:large, max-video-preview:-1\" \/>\n<link rel=\"canonical\" href=\"https:\/\/laorquideadedarwin.com\/va\/el-habito-de-lectura-en-los-ninos-y-ninas-\ufeff\/\" \/>\n<meta property=\"og:locale\" content=\"en_US\" \/>\n<meta property=\"og:type\" content=\"article\" \/>\n<meta property=\"og:title\" content=\"El Homo sapiens creo la literatura, es de \u00absapiens\u00bb promover el h\u00e1bito de lectura en los ni\u00f1os y ni\u00f1as - La Orqu\u00eddea de Darwin\" \/>\n<meta property=\"og:description\" content=\"Tal como cuentan Ignacio Mart\u00ednez y Juan Luis Arsuaga, unos de los \u00abpadres de Atapuerca\u00bb, parece ser que los Homo [&hellip;]\" \/>\n<meta property=\"og:url\" content=\"https:\/\/laorquideadedarwin.com\/va\/el-habito-de-lectura-en-los-ninos-y-ninas-\ufeff\/\" \/>\n<meta property=\"og:site_name\" content=\"La Orqu\u00eddea de Darwin\" \/>\n<meta property=\"article:published_time\" content=\"2019-04-23T15:32:14+00:00\" \/>\n<meta property=\"og:image\" content=\"https:\/\/laorquideadedarwin.com\/wp-content\/uploads\/2019\/04\/Leer_cuentos_educacion_ambiental_literatura.jpg\" \/>\n\t<meta property=\"og:image:width\" content=\"1200\" \/>\n\t<meta property=\"og:image:height\" content=\"492\" \/>\n\t<meta property=\"og:image:type\" content=\"image\/jpeg\" \/>\n<meta name=\"author\" content=\"admin\" \/>\n<meta name=\"twitter:card\" content=\"summary_large_image\" \/>\n<meta name=\"twitter:label1\" content=\"Written by\" \/>\n\t<meta name=\"twitter:data1\" content=\"admin\" \/>\n\t<meta name=\"twitter:label2\" content=\"Est. reading time\" \/>\n\t<meta name=\"twitter:data2\" content=\"3 minutes\" \/>\n<script type=\"application\/ld+json\" class=\"yoast-schema-graph\">{\"@context\":\"https:\/\/schema.org\",\"@graph\":[{\"@type\":\"Article\",\"@id\":\"https:\/\/laorquideadedarwin.com\/va\/el-habito-de-lectura-en-los-ninos-y-ninas-%ef%bb%bf\/#article\",\"isPartOf\":{\"@id\":\"https:\/\/laorquideadedarwin.com\/va\/el-habito-de-lectura-en-los-ninos-y-ninas-%ef%bb%bf\/\"},\"author\":{\"name\":\"admin\",\"@id\":\"https:\/\/laorquideadedarwin.com\/#\/schema\/person\/90efc5bd1b9ecd77bd3dc280c30faa5c\"},\"headline\":\"El Homo sapiens creo la literatura, es de \u00absapiens\u00bb promover el h\u00e1bito de lectura en los ni\u00f1os y ni\u00f1as\",\"datePublished\":\"2019-04-23T15:32:14+00:00\",\"mainEntityOfPage\":{\"@id\":\"https:\/\/laorquideadedarwin.com\/va\/el-habito-de-lectura-en-los-ninos-y-ninas-%ef%bb%bf\/\"},\"wordCount\":653,\"commentCount\":0,\"image\":{\"@id\":\"https:\/\/laorquideadedarwin.com\/va\/el-habito-de-lectura-en-los-ninos-y-ninas-%ef%bb%bf\/#primaryimage\"},\"thumbnailUrl\":\"https:\/\/laorquideadedarwin.com\/wp-content\/uploads\/2019\/04\/Leer_cuentos_educacion_ambiental_literatura.jpg\",\"keywords\":[\"literatura\"],\"articleSection\":[\"Lectura\",\"Literatura\"],\"inLanguage\":\"ca\",\"potentialAction\":[{\"@type\":\"CommentAction\",\"name\":\"Comment\",\"target\":[\"https:\/\/laorquideadedarwin.com\/va\/el-habito-de-lectura-en-los-ninos-y-ninas-%ef%bb%bf\/#respond\"]}]},{\"@type\":\"WebPage\",\"@id\":\"https:\/\/laorquideadedarwin.com\/va\/el-habito-de-lectura-en-los-ninos-y-ninas-%ef%bb%bf\/\",\"url\":\"https:\/\/laorquideadedarwin.com\/va\/el-habito-de-lectura-en-los-ninos-y-ninas-%ef%bb%bf\/\",\"name\":\"El Homo sapiens creo la literatura, es de \u00absapiens\u00bb promover el h\u00e1bito de lectura en los ni\u00f1os y ni\u00f1as - La Orqu\u00eddea de Darwin\",\"isPartOf\":{\"@id\":\"https:\/\/laorquideadedarwin.com\/#website\"},\"primaryImageOfPage\":{\"@id\":\"https:\/\/laorquideadedarwin.com\/va\/el-habito-de-lectura-en-los-ninos-y-ninas-%ef%bb%bf\/#primaryimage\"},\"image\":{\"@id\":\"https:\/\/laorquideadedarwin.com\/va\/el-habito-de-lectura-en-los-ninos-y-ninas-%ef%bb%bf\/#primaryimage\"},\"thumbnailUrl\":\"https:\/\/laorquideadedarwin.com\/wp-content\/uploads\/2019\/04\/Leer_cuentos_educacion_ambiental_literatura.jpg\",\"datePublished\":\"2019-04-23T15:32:14+00:00\",\"author\":{\"@id\":\"https:\/\/laorquideadedarwin.com\/#\/schema\/person\/90efc5bd1b9ecd77bd3dc280c30faa5c\"},\"breadcrumb\":{\"@id\":\"https:\/\/laorquideadedarwin.com\/va\/el-habito-de-lectura-en-los-ninos-y-ninas-%ef%bb%bf\/#breadcrumb\"},\"inLanguage\":\"ca\",\"potentialAction\":[{\"@type\":\"ReadAction\",\"target\":[\"https:\/\/laorquideadedarwin.com\/va\/el-habito-de-lectura-en-los-ninos-y-ninas-%ef%bb%bf\/\"]}]},{\"@type\":\"ImageObject\",\"inLanguage\":\"ca\",\"@id\":\"https:\/\/laorquideadedarwin.com\/va\/el-habito-de-lectura-en-los-ninos-y-ninas-%ef%bb%bf\/#primaryimage\",\"url\":\"https:\/\/laorquideadedarwin.com\/wp-content\/uploads\/2019\/04\/Leer_cuentos_educacion_ambiental_literatura.jpg\",\"contentUrl\":\"https:\/\/laorquideadedarwin.com\/wp-content\/uploads\/2019\/04\/Leer_cuentos_educacion_ambiental_literatura.jpg\",\"width\":1200,\"height\":492,\"caption\":\"el h\u00e1bito de lectura en los ni\u00f1os y ni\u00f1as.\"},{\"@type\":\"BreadcrumbList\",\"@id\":\"https:\/\/laorquideadedarwin.com\/va\/el-habito-de-lectura-en-los-ninos-y-ninas-%ef%bb%bf\/#breadcrumb\",\"itemListElement\":[{\"@type\":\"ListItem\",\"position\":1,\"name\":\"Portada\",\"item\":\"https:\/\/laorquideadedarwin.com\/va\/\"},{\"@type\":\"ListItem\",\"position\":2,\"name\":\"El Homo sapiens creo la literatura, es de \u00absapiens\u00bb promover el h\u00e1bito de lectura en los ni\u00f1os y ni\u00f1as\"}]},{\"@type\":\"WebSite\",\"@id\":\"https:\/\/laorquideadedarwin.com\/#website\",\"url\":\"https:\/\/laorquideadedarwin.com\/\",\"name\":\"La Orqu\u00eddea de Darwin\",\"description\":\"Colecci\u00f3n de cuentos sobre temas ambientales\",\"potentialAction\":[{\"@type\":\"SearchAction\",\"target\":{\"@type\":\"EntryPoint\",\"urlTemplate\":\"https:\/\/laorquideadedarwin.com\/?s={search_term_string}\"},\"query-input\":{\"@type\":\"PropertyValueSpecification\",\"valueRequired\":true,\"valueName\":\"search_term_string\"}}],\"inLanguage\":\"ca\"},{\"@type\":\"Person\",\"@id\":\"https:\/\/laorquideadedarwin.com\/#\/schema\/person\/90efc5bd1b9ecd77bd3dc280c30faa5c\",\"name\":\"admin\",\"image\":{\"@type\":\"ImageObject\",\"inLanguage\":\"ca\",\"@id\":\"https:\/\/laorquideadedarwin.com\/#\/schema\/person\/image\/\",\"url\":\"https:\/\/secure.gravatar.com\/avatar\/0a362197f21148cd55aa7210f4ec741de7ec9a204c78e18a25fe3c1f8de8f610?s=96&d=mm&r=g\",\"contentUrl\":\"https:\/\/secure.gravatar.com\/avatar\/0a362197f21148cd55aa7210f4ec741de7ec9a204c78e18a25fe3c1f8de8f610?s=96&d=mm&r=g\",\"caption\":\"admin\"}}]}<\/script>\n<!-- \/ Yoast SEO plugin. -->","yoast_head_json":{"title":"El Homo sapiens creo la literatura, es de \u00absapiens\u00bb promover el h\u00e1bito de lectura en los ni\u00f1os y ni\u00f1as - La Orqu\u00eddea de Darwin","robots":{"index":"index","follow":"follow","max-snippet":"max-snippet:-1","max-image-preview":"max-image-preview:large","max-video-preview":"max-video-preview:-1"},"canonical":"https:\/\/laorquideadedarwin.com\/va\/el-habito-de-lectura-en-los-ninos-y-ninas-\ufeff\/","og_locale":"en_US","og_type":"article","og_title":"El Homo sapiens creo la literatura, es de \u00absapiens\u00bb promover el h\u00e1bito de lectura en los ni\u00f1os y ni\u00f1as - La Orqu\u00eddea de Darwin","og_description":"Tal como cuentan Ignacio Mart\u00ednez y Juan Luis Arsuaga, unos de los \u00abpadres de Atapuerca\u00bb, parece ser que los Homo [&hellip;]","og_url":"https:\/\/laorquideadedarwin.com\/va\/el-habito-de-lectura-en-los-ninos-y-ninas-\ufeff\/","og_site_name":"La Orqu\u00eddea de Darwin","article_published_time":"2019-04-23T15:32:14+00:00","og_image":[{"width":1200,"height":492,"url":"https:\/\/laorquideadedarwin.com\/wp-content\/uploads\/2019\/04\/Leer_cuentos_educacion_ambiental_literatura.jpg","type":"image\/jpeg"}],"author":"admin","twitter_card":"summary_large_image","twitter_misc":{"Written by":"admin","Est. reading time":"3 minutes"},"schema":{"@context":"https:\/\/schema.org","@graph":[{"@type":"Article","@id":"https:\/\/laorquideadedarwin.com\/va\/el-habito-de-lectura-en-los-ninos-y-ninas-%ef%bb%bf\/#article","isPartOf":{"@id":"https:\/\/laorquideadedarwin.com\/va\/el-habito-de-lectura-en-los-ninos-y-ninas-%ef%bb%bf\/"},"author":{"name":"admin","@id":"https:\/\/laorquideadedarwin.com\/#\/schema\/person\/90efc5bd1b9ecd77bd3dc280c30faa5c"},"headline":"El Homo sapiens creo la literatura, es de \u00absapiens\u00bb promover el h\u00e1bito de lectura en los ni\u00f1os y ni\u00f1as","datePublished":"2019-04-23T15:32:14+00:00","mainEntityOfPage":{"@id":"https:\/\/laorquideadedarwin.com\/va\/el-habito-de-lectura-en-los-ninos-y-ninas-%ef%bb%bf\/"},"wordCount":653,"commentCount":0,"image":{"@id":"https:\/\/laorquideadedarwin.com\/va\/el-habito-de-lectura-en-los-ninos-y-ninas-%ef%bb%bf\/#primaryimage"},"thumbnailUrl":"https:\/\/laorquideadedarwin.com\/wp-content\/uploads\/2019\/04\/Leer_cuentos_educacion_ambiental_literatura.jpg","keywords":["literatura"],"articleSection":["Lectura","Literatura"],"inLanguage":"ca","potentialAction":[{"@type":"CommentAction","name":"Comment","target":["https:\/\/laorquideadedarwin.com\/va\/el-habito-de-lectura-en-los-ninos-y-ninas-%ef%bb%bf\/#respond"]}]},{"@type":"WebPage","@id":"https:\/\/laorquideadedarwin.com\/va\/el-habito-de-lectura-en-los-ninos-y-ninas-%ef%bb%bf\/","url":"https:\/\/laorquideadedarwin.com\/va\/el-habito-de-lectura-en-los-ninos-y-ninas-%ef%bb%bf\/","name":"El Homo sapiens creo la literatura, es de \u00absapiens\u00bb promover el h\u00e1bito de lectura en los ni\u00f1os y ni\u00f1as - La Orqu\u00eddea de Darwin","isPartOf":{"@id":"https:\/\/laorquideadedarwin.com\/#website"},"primaryImageOfPage":{"@id":"https:\/\/laorquideadedarwin.com\/va\/el-habito-de-lectura-en-los-ninos-y-ninas-%ef%bb%bf\/#primaryimage"},"image":{"@id":"https:\/\/laorquideadedarwin.com\/va\/el-habito-de-lectura-en-los-ninos-y-ninas-%ef%bb%bf\/#primaryimage"},"thumbnailUrl":"https:\/\/laorquideadedarwin.com\/wp-content\/uploads\/2019\/04\/Leer_cuentos_educacion_ambiental_literatura.jpg","datePublished":"2019-04-23T15:32:14+00:00","author":{"@id":"https:\/\/laorquideadedarwin.com\/#\/schema\/person\/90efc5bd1b9ecd77bd3dc280c30faa5c"},"breadcrumb":{"@id":"https:\/\/laorquideadedarwin.com\/va\/el-habito-de-lectura-en-los-ninos-y-ninas-%ef%bb%bf\/#breadcrumb"},"inLanguage":"ca","potentialAction":[{"@type":"ReadAction","target":["https:\/\/laorquideadedarwin.com\/va\/el-habito-de-lectura-en-los-ninos-y-ninas-%ef%bb%bf\/"]}]},{"@type":"ImageObject","inLanguage":"ca","@id":"https:\/\/laorquideadedarwin.com\/va\/el-habito-de-lectura-en-los-ninos-y-ninas-%ef%bb%bf\/#primaryimage","url":"https:\/\/laorquideadedarwin.com\/wp-content\/uploads\/2019\/04\/Leer_cuentos_educacion_ambiental_literatura.jpg","contentUrl":"https:\/\/laorquideadedarwin.com\/wp-content\/uploads\/2019\/04\/Leer_cuentos_educacion_ambiental_literatura.jpg","width":1200,"height":492,"caption":"el h\u00e1bito de lectura en los ni\u00f1os y ni\u00f1as."},{"@type":"BreadcrumbList","@id":"https:\/\/laorquideadedarwin.com\/va\/el-habito-de-lectura-en-los-ninos-y-ninas-%ef%bb%bf\/#breadcrumb","itemListElement":[{"@type":"ListItem","position":1,"name":"Portada","item":"https:\/\/laorquideadedarwin.com\/va\/"},{"@type":"ListItem","position":2,"name":"El Homo sapiens creo la literatura, es de \u00absapiens\u00bb promover el h\u00e1bito de lectura en los ni\u00f1os y ni\u00f1as"}]},{"@type":"WebSite","@id":"https:\/\/laorquideadedarwin.com\/#website","url":"https:\/\/laorquideadedarwin.com\/","name":"La Orqu\u00eddea de Darwin","description":"Colecci\u00f3n de cuentos sobre temas ambientales","potentialAction":[{"@type":"SearchAction","target":{"@type":"EntryPoint","urlTemplate":"https:\/\/laorquideadedarwin.com\/?s={search_term_string}"},"query-input":{"@type":"PropertyValueSpecification","valueRequired":true,"valueName":"search_term_string"}}],"inLanguage":"ca"},{"@type":"Person","@id":"https:\/\/laorquideadedarwin.com\/#\/schema\/person\/90efc5bd1b9ecd77bd3dc280c30faa5c","name":"admin","image":{"@type":"ImageObject","inLanguage":"ca","@id":"https:\/\/laorquideadedarwin.com\/#\/schema\/person\/image\/","url":"https:\/\/secure.gravatar.com\/avatar\/0a362197f21148cd55aa7210f4ec741de7ec9a204c78e18a25fe3c1f8de8f610?s=96&d=mm&r=g","contentUrl":"https:\/\/secure.gravatar.com\/avatar\/0a362197f21148cd55aa7210f4ec741de7ec9a204c78e18a25fe3c1f8de8f610?s=96&d=mm&r=g","caption":"admin"}}]}},"_links":{"self":[{"href":"https:\/\/laorquideadedarwin.com\/va\/wp-json\/wp\/v2\/posts\/2707","targetHints":{"allow":["GET"]}}],"collection":[{"href":"https:\/\/laorquideadedarwin.com\/va\/wp-json\/wp\/v2\/posts"}],"about":[{"href":"https:\/\/laorquideadedarwin.com\/va\/wp-json\/wp\/v2\/types\/post"}],"author":[{"embeddable":true,"href":"https:\/\/laorquideadedarwin.com\/va\/wp-json\/wp\/v2\/users\/1"}],"replies":[{"embeddable":true,"href":"https:\/\/laorquideadedarwin.com\/va\/wp-json\/wp\/v2\/comments?post=2707"}],"version-history":[{"count":0,"href":"https:\/\/laorquideadedarwin.com\/va\/wp-json\/wp\/v2\/posts\/2707\/revisions"}],"wp:featuredmedia":[{"embeddable":true,"href":"https:\/\/laorquideadedarwin.com\/va\/wp-json\/wp\/v2\/media\/2702"}],"wp:attachment":[{"href":"https:\/\/laorquideadedarwin.com\/va\/wp-json\/wp\/v2\/media?parent=2707"}],"wp:term":[{"taxonomy":"category","embeddable":true,"href":"https:\/\/laorquideadedarwin.com\/va\/wp-json\/wp\/v2\/categories?post=2707"},{"taxonomy":"post_tag","embeddable":true,"href":"https:\/\/laorquideadedarwin.com\/va\/wp-json\/wp\/v2\/tags?post=2707"}],"curies":[{"name":"wp","href":"https:\/\/api.w.org\/{rel}","templated":true}]}}