


{"id":2627,"date":"2018-11-20T09:35:45","date_gmt":"2018-11-20T09:35:45","guid":{"rendered":"http:\/\/laorquideadedarwin.com\/regalar-libros-en-navidad-es-un-acto-de-alabanza-y-que-habla-bien-de-ti\/"},"modified":"2018-11-19T12:48:54","modified_gmt":"2018-11-19T12:48:54","slug":"regalar-libros-en-navidad-es-un-acto-de-alabanza-y-que-habla-bien-de-ti","status":"publish","type":"post","link":"https:\/\/laorquideadedarwin.com\/va\/regalar-libros-en-navidad-es-un-acto-de-alabanza-y-que-habla-bien-de-ti\/","title":{"rendered":"Regalar llibres en Nadal \u00e9s un acte de lloan\u00e7a i que parla b\u00e9 de tu"},"content":{"rendered":"<p>Arriba el Nadal i tots sabem que fer regals est\u00e0 ple de riscos. Cal tindre en compte els gustos del que els rep, les seues necessitats i, si es pot, ambdues coses. Per\u00f2 quan pensem en els m\u00e9s xicotets hi ha m\u00e9s elements a considerar, entre uns altres la generaci\u00f3 d&#8217;h\u00e0bits, la tasca educativa i la responsabilitat.<\/p>\n<p>Si partim que regalar roba, \u00e9s una missi\u00f3 dif\u00edcil: la persona que regala ha de saber moda infantil; i encara aix\u00ed deus con\u00e8ixer els seus gustos, la talla \u2014no et pots passar en la talla, perqu\u00e8 no diguen que li veus al xiquet gros o a la xiqueta grossa\u2014, o quina pe\u00e7a li va a agradar. Si regalem un joguet, l&#8217;an\u00e0lisi tamb\u00e9 \u00e9s complex i la valoraci\u00f3 de la responsabilitat del que regala diferir\u00e0 de si es tracta d&#8217;un joguet educatiu, d&#8217;un que el xiquet o la xiqueta ha demanat en la carta als <em>Reis Mags o a Papa Noel-Sant Nicol\u00e1s<\/em>, per que ho ha vist en la TV, i de molts factors.<\/p>\n<p>Per\u00f2 regalar un llibre \u00e9s diferent. Parla de tu, parla de qui ho rep, parla de la seua fam\u00edlia, parla de com els veus, de com els vols veure, de la teua responsabilitat i de les teues pors. S\u00ed, de les teues pors, per exemple a qu\u00e8 diran alguns quan apareixes amb un llibre infantil, o dos, o un c\u00f2mic: \u00absi no ho va a llegir\u00bb\u2026 com si amb l&#8217;objecte de pl\u00e0stic va a jugar molt. Queda&#8217;t amb la connexi\u00f3 \u00abqu\u00e8 diu el regal del llibre de tu i de com interpretes a l&#8217;entitat \u2014xiquet o xiqueta, fam\u00edlia\u2014 receptora\u00bb.<\/p>\n<p>Perqu\u00e8 siga m\u00e9s f\u00e0cil trobar el significat de regalar un llibre pots, com es diu per ac\u00ed, fer una inversi\u00f3 del punt de vista: \u00abtrobar a alg\u00fa llegint un llibre que t&#8217;encanta \u00e9s com veure a un llibre recomanant-te a eixa persona\u201d. Pots ser el regal per a un llibre, per\u00f2 tamb\u00e9 aqueix llibre et pot recomanar. Aix\u00ed que si en nadal fem regals, per qu\u00e8 no regalar un objecte que ens torna el favor i ens pot recomanar? Que \u00e9s agra\u00eft.<\/p>\n<p>Quan regales un llibre a un xiquet, a m\u00e9s de paper i tinta en forma de paraules i il\u00b7lustracions, d\u00f3nes en acolliment un element d&#8217;oci, de diversi\u00f3, de despertar de la imaginaci\u00f3 i d&#8217;aprenentatge. A m\u00e9s, l&#8217;interessant \u00e9s que eduques i generes h\u00e0bits, ja que associat al regal, sense que es note, va l&#8217;obligaci\u00f3 establida\u2026 ja ho has llegit? Qu\u00e8 et va semblar? Comentaris, contacte, di\u00e0leg, motivaci\u00f3 i promoci\u00f3 de la lectura, una tasca fonamental amb els xiquets. \u00c9s com regalar-los un viatge, una funci\u00f3 de circ i riures, una sessi\u00f3 de relaxaci\u00f3, un curs de m\u00e0gia\u2026<\/p>\n<p>&nbsp;<\/p>\n<div id=\"attachment_2631\" style=\"width: 1034px\" class=\"wp-caption alignnone\"><a href=\"https:\/\/laorquideadedarwin.com\/wp-content\/uploads\/2018\/11\/regalo_cuentos_educacion_ambiental2.jpg\"><img loading=\"lazy\" decoding=\"async\" aria-describedby=\"caption-attachment-2631\" class=\"size-large wp-image-2631\" src=\"https:\/\/laorquideadedarwin.com\/wp-content\/uploads\/2018\/11\/regalo_cuentos_educacion_ambiental2-1024x420.jpg\" alt=\"\" width=\"1024\" height=\"420\" srcset=\"https:\/\/laorquideadedarwin.com\/wp-content\/uploads\/2018\/11\/regalo_cuentos_educacion_ambiental2-1024x420.jpg 1024w, https:\/\/laorquideadedarwin.com\/wp-content\/uploads\/2018\/11\/regalo_cuentos_educacion_ambiental2-300x123.jpg 300w, https:\/\/laorquideadedarwin.com\/wp-content\/uploads\/2018\/11\/regalo_cuentos_educacion_ambiental2-768x315.jpg 768w, https:\/\/laorquideadedarwin.com\/wp-content\/uploads\/2018\/11\/regalo_cuentos_educacion_ambiental2-830x340.jpg 830w, https:\/\/laorquideadedarwin.com\/wp-content\/uploads\/2018\/11\/regalo_cuentos_educacion_ambiental2-294x121.jpg 294w, https:\/\/laorquideadedarwin.com\/wp-content\/uploads\/2018\/11\/regalo_cuentos_educacion_ambiental2-380x156.jpg 380w, https:\/\/laorquideadedarwin.com\/wp-content\/uploads\/2018\/11\/regalo_cuentos_educacion_ambiental2.jpg 1200w\" sizes=\"auto, (max-width: 1024px) 100vw, 1024px\" \/><\/a><p id=\"caption-attachment-2631\" class=\"wp-caption-text\"><br \/>Els llibres s\u00f3n un regal sempre valu\u00f3s, sempre \u00fatil, pots regalar fins i tot bells llibres cl\u00e0ssics antics de llibreries de segona m\u00e0, aix\u00ed reutilitzem. (Foto col\u00b7lecci\u00f3: Natura i Cultura).<\/p><\/div>\n<p>En aquests temps de maquinetes, publicitat, consumismes, regalar un llibre \u00e9s un gest de generositat, i a voltes de valentia. Regalar un llibre \u00e9s descobrir el que de veritat volem dels xiquets i xiquetes que tenim a prop. Ens diu com els veiem o com els volem veure en el futur. Per\u00f2 a les vegada parla de tu.<\/p>\n<p>Arrisca&#8217;t, pot ser que el llibre que regales este Nadal, es convertisca en una mica m\u00e9s que un objecte per a la caixa dels joguets oblidats, pot ser que siga el primer que fa\u00e7a descobrir i iniciar l&#8217;h\u00e0bit de la lectura. Aix\u00ed que com se sol dir: \u00abno hi ha millor regal que un llibre\u00bb. I encara que t\u00e9 els seus riscos, com qualsevol altre regal, els seus possibles beneficis s\u00f3n m\u00faltiples i d&#8217;alt valor. Jo regale llibres. I per als m\u00e9s xicotets tens contes educatius, com els de l&#8217;Orqu\u00eddia de Darwin, o magn\u00edfics \u00e0lbums il\u00b7lustrats on la imatge i l&#8217;art desperten l&#8217;est\u00e8tica, la creativitat i nous valors. I no ens oblidem, ajudem a les editorials i a les llibreries a seguir existint.<\/p>\n<p><strong>\u00a0<\/strong><\/p>\n","protected":false},"excerpt":{"rendered":"<p>Arriba el Nadal i tots sabem que fer regals est\u00e0 ple de riscos. Cal tindre en compte els gustos del [&hellip;]<\/p>\n","protected":false},"author":2,"featured_media":2625,"comment_status":"open","ping_status":"open","sticky":false,"template":"","format":"standard","meta":{"_acf_changed":false,"footnotes":""},"categories":[300],"tags":[239,301],"class_list":["post-2627","post","type-post","status-publish","format-standard","has-post-thumbnail","hentry","category-literatura-2","tag-libros-2","tag-navidad-2"],"acf":[],"yoast_head":"<!-- This site is optimized with the Yoast SEO plugin v26.7 - https:\/\/yoast.com\/wordpress\/plugins\/seo\/ -->\n<title>Regalar llibres en Nadal \u00e9s un acte de lloan\u00e7a i que parla b\u00e9 de tu - La Orqu\u00eddea de Darwin<\/title>\n<meta name=\"robots\" content=\"index, follow, max-snippet:-1, max-image-preview:large, max-video-preview:-1\" \/>\n<link rel=\"canonical\" href=\"https:\/\/laorquideadedarwin.com\/va\/regalar-libros-en-navidad-es-un-acto-de-alabanza-y-que-habla-bien-de-ti\/\" \/>\n<meta property=\"og:locale\" content=\"en_US\" \/>\n<meta property=\"og:type\" content=\"article\" \/>\n<meta property=\"og:title\" content=\"Regalar llibres en Nadal \u00e9s un acte de lloan\u00e7a i que parla b\u00e9 de tu - La Orqu\u00eddea de Darwin\" \/>\n<meta property=\"og:description\" content=\"Arriba el Nadal i tots sabem que fer regals est\u00e0 ple de riscos. Cal tindre en compte els gustos del [&hellip;]\" \/>\n<meta property=\"og:url\" content=\"https:\/\/laorquideadedarwin.com\/va\/regalar-libros-en-navidad-es-un-acto-de-alabanza-y-que-habla-bien-de-ti\/\" \/>\n<meta property=\"og:site_name\" content=\"La Orqu\u00eddea de Darwin\" \/>\n<meta property=\"article:published_time\" content=\"2018-11-20T09:35:45+00:00\" \/>\n<meta property=\"og:image\" content=\"https:\/\/laorquideadedarwin.com\/wp-content\/uploads\/2018\/11\/regala_contes_educacio_ambiental_nadal-1.jpg\" \/>\n\t<meta property=\"og:image:width\" content=\"1200\" \/>\n\t<meta property=\"og:image:height\" content=\"492\" \/>\n\t<meta property=\"og:image:type\" content=\"image\/jpeg\" \/>\n<meta name=\"author\" content=\"Albano L\u00f3pez\" \/>\n<meta name=\"twitter:card\" content=\"summary_large_image\" \/>\n<meta name=\"twitter:label1\" content=\"Written by\" \/>\n\t<meta name=\"twitter:data1\" content=\"Albano L\u00f3pez\" \/>\n\t<meta name=\"twitter:label2\" content=\"Est. reading time\" \/>\n\t<meta name=\"twitter:data2\" content=\"4 minutes\" \/>\n<script type=\"application\/ld+json\" class=\"yoast-schema-graph\">{\"@context\":\"https:\/\/schema.org\",\"@graph\":[{\"@type\":\"Article\",\"@id\":\"https:\/\/laorquideadedarwin.com\/va\/regalar-libros-en-navidad-es-un-acto-de-alabanza-y-que-habla-bien-de-ti\/#article\",\"isPartOf\":{\"@id\":\"https:\/\/laorquideadedarwin.com\/va\/regalar-libros-en-navidad-es-un-acto-de-alabanza-y-que-habla-bien-de-ti\/\"},\"author\":{\"name\":\"Albano L\u00f3pez\",\"@id\":\"https:\/\/laorquideadedarwin.com\/#\/schema\/person\/b0e6530cb9f98437f091792b19c28404\"},\"headline\":\"Regalar llibres en Nadal \u00e9s un acte de lloan\u00e7a i que parla b\u00e9 de tu\",\"datePublished\":\"2018-11-20T09:35:45+00:00\",\"mainEntityOfPage\":{\"@id\":\"https:\/\/laorquideadedarwin.com\/va\/regalar-libros-en-navidad-es-un-acto-de-alabanza-y-que-habla-bien-de-ti\/\"},\"wordCount\":719,\"commentCount\":0,\"image\":{\"@id\":\"https:\/\/laorquideadedarwin.com\/va\/regalar-libros-en-navidad-es-un-acto-de-alabanza-y-que-habla-bien-de-ti\/#primaryimage\"},\"thumbnailUrl\":\"https:\/\/laorquideadedarwin.com\/wp-content\/uploads\/2018\/11\/regala_contes_educacio_ambiental_nadal-1.jpg\",\"keywords\":[\"libros\",\"navidad\"],\"articleSection\":[\"Literatura\"],\"inLanguage\":\"ca\",\"potentialAction\":[{\"@type\":\"CommentAction\",\"name\":\"Comment\",\"target\":[\"https:\/\/laorquideadedarwin.com\/va\/regalar-libros-en-navidad-es-un-acto-de-alabanza-y-que-habla-bien-de-ti\/#respond\"]}]},{\"@type\":\"WebPage\",\"@id\":\"https:\/\/laorquideadedarwin.com\/va\/regalar-libros-en-navidad-es-un-acto-de-alabanza-y-que-habla-bien-de-ti\/\",\"url\":\"https:\/\/laorquideadedarwin.com\/va\/regalar-libros-en-navidad-es-un-acto-de-alabanza-y-que-habla-bien-de-ti\/\",\"name\":\"Regalar llibres en Nadal \u00e9s un acte de lloan\u00e7a i que parla b\u00e9 de tu - La Orqu\u00eddea de Darwin\",\"isPartOf\":{\"@id\":\"https:\/\/laorquideadedarwin.com\/#website\"},\"primaryImageOfPage\":{\"@id\":\"https:\/\/laorquideadedarwin.com\/va\/regalar-libros-en-navidad-es-un-acto-de-alabanza-y-que-habla-bien-de-ti\/#primaryimage\"},\"image\":{\"@id\":\"https:\/\/laorquideadedarwin.com\/va\/regalar-libros-en-navidad-es-un-acto-de-alabanza-y-que-habla-bien-de-ti\/#primaryimage\"},\"thumbnailUrl\":\"https:\/\/laorquideadedarwin.com\/wp-content\/uploads\/2018\/11\/regala_contes_educacio_ambiental_nadal-1.jpg\",\"datePublished\":\"2018-11-20T09:35:45+00:00\",\"author\":{\"@id\":\"https:\/\/laorquideadedarwin.com\/#\/schema\/person\/b0e6530cb9f98437f091792b19c28404\"},\"breadcrumb\":{\"@id\":\"https:\/\/laorquideadedarwin.com\/va\/regalar-libros-en-navidad-es-un-acto-de-alabanza-y-que-habla-bien-de-ti\/#breadcrumb\"},\"inLanguage\":\"ca\",\"potentialAction\":[{\"@type\":\"ReadAction\",\"target\":[\"https:\/\/laorquideadedarwin.com\/va\/regalar-libros-en-navidad-es-un-acto-de-alabanza-y-que-habla-bien-de-ti\/\"]}]},{\"@type\":\"ImageObject\",\"inLanguage\":\"ca\",\"@id\":\"https:\/\/laorquideadedarwin.com\/va\/regalar-libros-en-navidad-es-un-acto-de-alabanza-y-que-habla-bien-de-ti\/#primaryimage\",\"url\":\"https:\/\/laorquideadedarwin.com\/wp-content\/uploads\/2018\/11\/regala_contes_educacio_ambiental_nadal-1.jpg\",\"contentUrl\":\"https:\/\/laorquideadedarwin.com\/wp-content\/uploads\/2018\/11\/regala_contes_educacio_ambiental_nadal-1.jpg\",\"width\":1200,\"height\":492},{\"@type\":\"BreadcrumbList\",\"@id\":\"https:\/\/laorquideadedarwin.com\/va\/regalar-libros-en-navidad-es-un-acto-de-alabanza-y-que-habla-bien-de-ti\/#breadcrumb\",\"itemListElement\":[{\"@type\":\"ListItem\",\"position\":1,\"name\":\"Portada\",\"item\":\"https:\/\/laorquideadedarwin.com\/va\/\"},{\"@type\":\"ListItem\",\"position\":2,\"name\":\"Regalar llibres en Nadal \u00e9s un acte de lloan\u00e7a i que parla b\u00e9 de tu\"}]},{\"@type\":\"WebSite\",\"@id\":\"https:\/\/laorquideadedarwin.com\/#website\",\"url\":\"https:\/\/laorquideadedarwin.com\/\",\"name\":\"La Orqu\u00eddea de Darwin\",\"description\":\"Colecci\u00f3n de cuentos sobre temas ambientales\",\"potentialAction\":[{\"@type\":\"SearchAction\",\"target\":{\"@type\":\"EntryPoint\",\"urlTemplate\":\"https:\/\/laorquideadedarwin.com\/?s={search_term_string}\"},\"query-input\":{\"@type\":\"PropertyValueSpecification\",\"valueRequired\":true,\"valueName\":\"search_term_string\"}}],\"inLanguage\":\"ca\"},{\"@type\":\"Person\",\"@id\":\"https:\/\/laorquideadedarwin.com\/#\/schema\/person\/b0e6530cb9f98437f091792b19c28404\",\"name\":\"Albano L\u00f3pez\",\"image\":{\"@type\":\"ImageObject\",\"inLanguage\":\"ca\",\"@id\":\"https:\/\/laorquideadedarwin.com\/#\/schema\/person\/image\/\",\"url\":\"https:\/\/secure.gravatar.com\/avatar\/3caca30a3eaa11bfcc8e65e7e716a2ebfbc9d2cc5d2ebe9c2cb4ec2450ec7aad?s=96&d=mm&r=g\",\"contentUrl\":\"https:\/\/secure.gravatar.com\/avatar\/3caca30a3eaa11bfcc8e65e7e716a2ebfbc9d2cc5d2ebe9c2cb4ec2450ec7aad?s=96&d=mm&r=g\",\"caption\":\"Albano L\u00f3pez\"}}]}<\/script>\n<!-- \/ Yoast SEO plugin. -->","yoast_head_json":{"title":"Regalar llibres en Nadal \u00e9s un acte de lloan\u00e7a i que parla b\u00e9 de tu - La Orqu\u00eddea de Darwin","robots":{"index":"index","follow":"follow","max-snippet":"max-snippet:-1","max-image-preview":"max-image-preview:large","max-video-preview":"max-video-preview:-1"},"canonical":"https:\/\/laorquideadedarwin.com\/va\/regalar-libros-en-navidad-es-un-acto-de-alabanza-y-que-habla-bien-de-ti\/","og_locale":"en_US","og_type":"article","og_title":"Regalar llibres en Nadal \u00e9s un acte de lloan\u00e7a i que parla b\u00e9 de tu - La Orqu\u00eddea de Darwin","og_description":"Arriba el Nadal i tots sabem que fer regals est\u00e0 ple de riscos. Cal tindre en compte els gustos del [&hellip;]","og_url":"https:\/\/laorquideadedarwin.com\/va\/regalar-libros-en-navidad-es-un-acto-de-alabanza-y-que-habla-bien-de-ti\/","og_site_name":"La Orqu\u00eddea de Darwin","article_published_time":"2018-11-20T09:35:45+00:00","og_image":[{"width":1200,"height":492,"url":"https:\/\/laorquideadedarwin.com\/wp-content\/uploads\/2018\/11\/regala_contes_educacio_ambiental_nadal-1.jpg","type":"image\/jpeg"}],"author":"Albano L\u00f3pez","twitter_card":"summary_large_image","twitter_misc":{"Written by":"Albano L\u00f3pez","Est. reading time":"4 minutes"},"schema":{"@context":"https:\/\/schema.org","@graph":[{"@type":"Article","@id":"https:\/\/laorquideadedarwin.com\/va\/regalar-libros-en-navidad-es-un-acto-de-alabanza-y-que-habla-bien-de-ti\/#article","isPartOf":{"@id":"https:\/\/laorquideadedarwin.com\/va\/regalar-libros-en-navidad-es-un-acto-de-alabanza-y-que-habla-bien-de-ti\/"},"author":{"name":"Albano L\u00f3pez","@id":"https:\/\/laorquideadedarwin.com\/#\/schema\/person\/b0e6530cb9f98437f091792b19c28404"},"headline":"Regalar llibres en Nadal \u00e9s un acte de lloan\u00e7a i que parla b\u00e9 de tu","datePublished":"2018-11-20T09:35:45+00:00","mainEntityOfPage":{"@id":"https:\/\/laorquideadedarwin.com\/va\/regalar-libros-en-navidad-es-un-acto-de-alabanza-y-que-habla-bien-de-ti\/"},"wordCount":719,"commentCount":0,"image":{"@id":"https:\/\/laorquideadedarwin.com\/va\/regalar-libros-en-navidad-es-un-acto-de-alabanza-y-que-habla-bien-de-ti\/#primaryimage"},"thumbnailUrl":"https:\/\/laorquideadedarwin.com\/wp-content\/uploads\/2018\/11\/regala_contes_educacio_ambiental_nadal-1.jpg","keywords":["libros","navidad"],"articleSection":["Literatura"],"inLanguage":"ca","potentialAction":[{"@type":"CommentAction","name":"Comment","target":["https:\/\/laorquideadedarwin.com\/va\/regalar-libros-en-navidad-es-un-acto-de-alabanza-y-que-habla-bien-de-ti\/#respond"]}]},{"@type":"WebPage","@id":"https:\/\/laorquideadedarwin.com\/va\/regalar-libros-en-navidad-es-un-acto-de-alabanza-y-que-habla-bien-de-ti\/","url":"https:\/\/laorquideadedarwin.com\/va\/regalar-libros-en-navidad-es-un-acto-de-alabanza-y-que-habla-bien-de-ti\/","name":"Regalar llibres en Nadal \u00e9s un acte de lloan\u00e7a i que parla b\u00e9 de tu - La Orqu\u00eddea de Darwin","isPartOf":{"@id":"https:\/\/laorquideadedarwin.com\/#website"},"primaryImageOfPage":{"@id":"https:\/\/laorquideadedarwin.com\/va\/regalar-libros-en-navidad-es-un-acto-de-alabanza-y-que-habla-bien-de-ti\/#primaryimage"},"image":{"@id":"https:\/\/laorquideadedarwin.com\/va\/regalar-libros-en-navidad-es-un-acto-de-alabanza-y-que-habla-bien-de-ti\/#primaryimage"},"thumbnailUrl":"https:\/\/laorquideadedarwin.com\/wp-content\/uploads\/2018\/11\/regala_contes_educacio_ambiental_nadal-1.jpg","datePublished":"2018-11-20T09:35:45+00:00","author":{"@id":"https:\/\/laorquideadedarwin.com\/#\/schema\/person\/b0e6530cb9f98437f091792b19c28404"},"breadcrumb":{"@id":"https:\/\/laorquideadedarwin.com\/va\/regalar-libros-en-navidad-es-un-acto-de-alabanza-y-que-habla-bien-de-ti\/#breadcrumb"},"inLanguage":"ca","potentialAction":[{"@type":"ReadAction","target":["https:\/\/laorquideadedarwin.com\/va\/regalar-libros-en-navidad-es-un-acto-de-alabanza-y-que-habla-bien-de-ti\/"]}]},{"@type":"ImageObject","inLanguage":"ca","@id":"https:\/\/laorquideadedarwin.com\/va\/regalar-libros-en-navidad-es-un-acto-de-alabanza-y-que-habla-bien-de-ti\/#primaryimage","url":"https:\/\/laorquideadedarwin.com\/wp-content\/uploads\/2018\/11\/regala_contes_educacio_ambiental_nadal-1.jpg","contentUrl":"https:\/\/laorquideadedarwin.com\/wp-content\/uploads\/2018\/11\/regala_contes_educacio_ambiental_nadal-1.jpg","width":1200,"height":492},{"@type":"BreadcrumbList","@id":"https:\/\/laorquideadedarwin.com\/va\/regalar-libros-en-navidad-es-un-acto-de-alabanza-y-que-habla-bien-de-ti\/#breadcrumb","itemListElement":[{"@type":"ListItem","position":1,"name":"Portada","item":"https:\/\/laorquideadedarwin.com\/va\/"},{"@type":"ListItem","position":2,"name":"Regalar llibres en Nadal \u00e9s un acte de lloan\u00e7a i que parla b\u00e9 de tu"}]},{"@type":"WebSite","@id":"https:\/\/laorquideadedarwin.com\/#website","url":"https:\/\/laorquideadedarwin.com\/","name":"La Orqu\u00eddea de Darwin","description":"Colecci\u00f3n de cuentos sobre temas ambientales","potentialAction":[{"@type":"SearchAction","target":{"@type":"EntryPoint","urlTemplate":"https:\/\/laorquideadedarwin.com\/?s={search_term_string}"},"query-input":{"@type":"PropertyValueSpecification","valueRequired":true,"valueName":"search_term_string"}}],"inLanguage":"ca"},{"@type":"Person","@id":"https:\/\/laorquideadedarwin.com\/#\/schema\/person\/b0e6530cb9f98437f091792b19c28404","name":"Albano L\u00f3pez","image":{"@type":"ImageObject","inLanguage":"ca","@id":"https:\/\/laorquideadedarwin.com\/#\/schema\/person\/image\/","url":"https:\/\/secure.gravatar.com\/avatar\/3caca30a3eaa11bfcc8e65e7e716a2ebfbc9d2cc5d2ebe9c2cb4ec2450ec7aad?s=96&d=mm&r=g","contentUrl":"https:\/\/secure.gravatar.com\/avatar\/3caca30a3eaa11bfcc8e65e7e716a2ebfbc9d2cc5d2ebe9c2cb4ec2450ec7aad?s=96&d=mm&r=g","caption":"Albano L\u00f3pez"}}]}},"_links":{"self":[{"href":"https:\/\/laorquideadedarwin.com\/va\/wp-json\/wp\/v2\/posts\/2627","targetHints":{"allow":["GET"]}}],"collection":[{"href":"https:\/\/laorquideadedarwin.com\/va\/wp-json\/wp\/v2\/posts"}],"about":[{"href":"https:\/\/laorquideadedarwin.com\/va\/wp-json\/wp\/v2\/types\/post"}],"author":[{"embeddable":true,"href":"https:\/\/laorquideadedarwin.com\/va\/wp-json\/wp\/v2\/users\/2"}],"replies":[{"embeddable":true,"href":"https:\/\/laorquideadedarwin.com\/va\/wp-json\/wp\/v2\/comments?post=2627"}],"version-history":[{"count":0,"href":"https:\/\/laorquideadedarwin.com\/va\/wp-json\/wp\/v2\/posts\/2627\/revisions"}],"wp:featuredmedia":[{"embeddable":true,"href":"https:\/\/laorquideadedarwin.com\/va\/wp-json\/wp\/v2\/media\/2625"}],"wp:attachment":[{"href":"https:\/\/laorquideadedarwin.com\/va\/wp-json\/wp\/v2\/media?parent=2627"}],"wp:term":[{"taxonomy":"category","embeddable":true,"href":"https:\/\/laorquideadedarwin.com\/va\/wp-json\/wp\/v2\/categories?post=2627"},{"taxonomy":"post_tag","embeddable":true,"href":"https:\/\/laorquideadedarwin.com\/va\/wp-json\/wp\/v2\/tags?post=2627"}],"curies":[{"name":"wp","href":"https:\/\/api.w.org\/{rel}","templated":true}]}}