


{"id":2333,"date":"2018-07-12T10:38:36","date_gmt":"2018-07-12T10:38:36","guid":{"rendered":"http:\/\/laorquideadedarwin.com\/?p=2333"},"modified":"2018-07-12T10:45:13","modified_gmt":"2018-07-12T10:45:13","slug":"porque-los-cuentacuentos-son-recomendables-para-nuestras-hijas-e-hijos-y-mejor-con-musica","status":"publish","type":"post","link":"https:\/\/laorquideadedarwin.com\/va\/porque-los-cuentacuentos-son-recomendables-para-nuestras-hijas-e-hijos-y-mejor-con-musica\/","title":{"rendered":"Perqu\u00e8 els contacontes s\u00f3n recomanables per a les nostres filles i fills, i millor si \u00e9s amb m\u00fasica"},"content":{"rendered":"<h2>Els contes s\u00f3n eines que no ens fallen per a educar<\/h2>\n<p>Mentre es relata una hist\u00f2ria, a\u00e7\u00f2 m\u00e0gic que \u00e9s la inf\u00e0ncia, transporta als xiquets i xiquetes a mons on ells s\u00f3n els protagonistes. S&#8217;identifiquen amb els personatges, en la seua ment sorgeixen experi\u00e8ncies i queda un p\u00f2sit, com una viv\u00e8ncia o una experi\u00e8ncia per a la vida d&#8217;adult. El relat suposa un acte emocional, un est\u00edmul a pensar, i \u00e9s a\u00e7\u00f2 el que educa millor: emocions i pensament.<\/p>\n<p>El conte, a m\u00e9s, porta associats molts elements dels quals no som normalment conscients: \u00e9s un recurs per a ensenyar a escoltar, per a desenvolupar la imaginaci\u00f3 i la creativitat, per a educar els valors, per a connectar-nos. El relat ho podem fer els familiars, per\u00f2 ha de fer-se amb passi\u00f3 i vivint la hist\u00f2ria. Si no ho fem a casa, portem als xiquets als contacontes. Una vegada creixquen i tinguen l&#8217;h\u00e0bit de llegir, sols es transportaran i escoltaran els sons de la narraci\u00f3.<\/p>\n<p>No hi ha dubte, que el conte ben narrat \u00abt\u00e9 m\u00fasica\u00bb, per\u00f2 si la m\u00fasica de deb\u00f2 entra en joc, es crea la atmosfera\u00a0prop\u00edcia per a amplificar les sensacions i les emocions. El compositor Bernard Herrmann\u00a0(1911\u20131975), especialitzat en m\u00fasica per a cinema, va dir una cosa que \u00e9s aplicable als contacontes: \u00abla m\u00fasica ha de completar el que els actors no aconsegueixen a dir, pot donar a entendre els seus sentiments i ha d&#8217;aportar el que les paraules no s\u00f3n capaces d&#8217;expressar\u00bb.<\/p>\n<p>&nbsp;<\/p>\n<div id=\"attachment_2330\" style=\"width: 1034px\" class=\"wp-caption alignnone\"><a href=\"https:\/\/youtu.be\/K0w8G1xQ7uY\" target=\"_blank\" rel=\"noopener\"><img loading=\"lazy\" decoding=\"async\" aria-describedby=\"caption-attachment-2330\" class=\"wp-image-2330 size-large\" src=\"https:\/\/laorquideadedarwin.com\/wp-content\/uploads\/2018\/07\/cuentos_educacion.jpg\" alt=\"cuentacuentos\" width=\"1024\" height=\"576\" srcset=\"https:\/\/laorquideadedarwin.com\/wp-content\/uploads\/2018\/07\/cuentos_educacion.jpg 1024w, https:\/\/laorquideadedarwin.com\/wp-content\/uploads\/2018\/07\/cuentos_educacion-300x169.jpg 300w, https:\/\/laorquideadedarwin.com\/wp-content\/uploads\/2018\/07\/cuentos_educacion-768x432.jpg 768w, https:\/\/laorquideadedarwin.com\/wp-content\/uploads\/2018\/07\/cuentos_educacion-294x165.jpg 294w, https:\/\/laorquideadedarwin.com\/wp-content\/uploads\/2018\/07\/cuentos_educacion-380x214.jpg 380w\" sizes=\"auto, (max-width: 1024px) 100vw, 1024px\" \/><\/a><p id=\"caption-attachment-2330\" class=\"wp-caption-text\">Sessi\u00f3 de narraci\u00f3 d\u2019Ana Bel\u00e9n Rodr\u00edguez en un programa TEDx Gij\u00f3n<\/p><\/div>\n<p>&nbsp;<\/p>\n<p>Per a completar i descobrir les raons que vinculen els contes amb l&#8217;educaci\u00f3, val la pena veure i escoltar la magn\u00edfica i emocionant narraci\u00f3 que fa Ana Bel\u00e9n Rodr\u00edguez de Puppy\u2019s, una companyia asturiana de narraci\u00f3 oral i m\u00fasica. I que comen\u00e7a amb una frase de Gianni Rodari, un dels m\u00e9s grans comptadors d&#8217;hist\u00f2ries de tots els temps:<em> \u201cL&#8217;\u00fas de la paraula \u00e9s un bell so democr\u00e0tic, no perqu\u00e8 tots siguen artistes, sin\u00f3 perqu\u00e8 ning\u00fa siga esclau. L&#8217;\u00fas de la m\u00fasica, d&#8217;eixe altre llenguatge universal, tamb\u00e9 ho \u00e9s\u201d.<\/em><\/p>\n<p>No et perdes la resta, \u00e9s molt interessant: LINK:\u00a0<a href=\"https:\/\/youtu.be\/K0w8G1xQ7uY\">https:\/\/youtu.be\/K0w8G1xQ7uY<\/a><\/p>\n<p>&nbsp;<\/p>\n<p>&nbsp;<\/p>\n","protected":false},"excerpt":{"rendered":"<p>Els contes s\u00f3n eines que no ens fallen per a educar Mentre es relata una hist\u00f2ria, a\u00e7\u00f2 m\u00e0gic que \u00e9s [&hellip;]<\/p>\n","protected":false},"author":2,"featured_media":2335,"comment_status":"open","ping_status":"open","sticky":false,"template":"","format":"standard","meta":{"_acf_changed":false,"footnotes":""},"categories":[1],"tags":[229,267],"class_list":["post-2333","post","type-post","status-publish","format-standard","has-post-thumbnail","hentry","category-sin-categorizar","tag-contes-infantils","tag-musica-2"],"acf":[],"yoast_head":"<!-- This site is optimized with the Yoast SEO plugin v26.7 - https:\/\/yoast.com\/wordpress\/plugins\/seo\/ -->\n<title>Perqu\u00e8 els contacontes s\u00f3n recomanables per a les nostres filles i fills, i millor si \u00e9s amb m\u00fasica - La Orqu\u00eddea de Darwin<\/title>\n<meta name=\"robots\" content=\"index, follow, max-snippet:-1, max-image-preview:large, max-video-preview:-1\" \/>\n<link rel=\"canonical\" href=\"https:\/\/laorquideadedarwin.com\/va\/porque-los-cuentacuentos-son-recomendables-para-nuestras-hijas-e-hijos-y-mejor-con-musica\/\" \/>\n<meta property=\"og:locale\" content=\"en_US\" \/>\n<meta property=\"og:type\" content=\"article\" \/>\n<meta property=\"og:title\" content=\"Perqu\u00e8 els contacontes s\u00f3n recomanables per a les nostres filles i fills, i millor si \u00e9s amb m\u00fasica - La Orqu\u00eddea de Darwin\" \/>\n<meta property=\"og:description\" content=\"Els contes s\u00f3n eines que no ens fallen per a educar Mentre es relata una hist\u00f2ria, a\u00e7\u00f2 m\u00e0gic que \u00e9s [&hellip;]\" \/>\n<meta property=\"og:url\" content=\"https:\/\/laorquideadedarwin.com\/va\/porque-los-cuentacuentos-son-recomendables-para-nuestras-hijas-e-hijos-y-mejor-con-musica\/\" \/>\n<meta property=\"og:site_name\" content=\"La Orqu\u00eddea de Darwin\" \/>\n<meta property=\"article:published_time\" content=\"2018-07-12T10:38:36+00:00\" \/>\n<meta property=\"article:modified_time\" content=\"2018-07-12T10:45:13+00:00\" \/>\n<meta property=\"og:image\" content=\"https:\/\/laorquideadedarwin.com\/wp-content\/uploads\/2018\/07\/cuentacuentos_arbol_bosque_lectura.jpg\" \/>\n\t<meta property=\"og:image:width\" content=\"1024\" \/>\n\t<meta property=\"og:image:height\" content=\"530\" \/>\n\t<meta property=\"og:image:type\" content=\"image\/jpeg\" \/>\n<meta name=\"author\" content=\"Albano L\u00f3pez\" \/>\n<meta name=\"twitter:card\" content=\"summary_large_image\" \/>\n<meta name=\"twitter:label1\" content=\"Written by\" \/>\n\t<meta name=\"twitter:data1\" content=\"Albano L\u00f3pez\" \/>\n\t<meta name=\"twitter:label2\" content=\"Est. reading time\" \/>\n\t<meta name=\"twitter:data2\" content=\"2 minutes\" \/>\n<script type=\"application\/ld+json\" class=\"yoast-schema-graph\">{\"@context\":\"https:\/\/schema.org\",\"@graph\":[{\"@type\":\"Article\",\"@id\":\"https:\/\/laorquideadedarwin.com\/va\/porque-los-cuentacuentos-son-recomendables-para-nuestras-hijas-e-hijos-y-mejor-con-musica\/#article\",\"isPartOf\":{\"@id\":\"https:\/\/laorquideadedarwin.com\/va\/porque-los-cuentacuentos-son-recomendables-para-nuestras-hijas-e-hijos-y-mejor-con-musica\/\"},\"author\":{\"name\":\"Albano L\u00f3pez\",\"@id\":\"https:\/\/laorquideadedarwin.com\/#\/schema\/person\/b0e6530cb9f98437f091792b19c28404\"},\"headline\":\"Perqu\u00e8 els contacontes s\u00f3n recomanables per a les nostres filles i fills, i millor si \u00e9s amb m\u00fasica\",\"datePublished\":\"2018-07-12T10:38:36+00:00\",\"dateModified\":\"2018-07-12T10:45:13+00:00\",\"mainEntityOfPage\":{\"@id\":\"https:\/\/laorquideadedarwin.com\/va\/porque-los-cuentacuentos-son-recomendables-para-nuestras-hijas-e-hijos-y-mejor-con-musica\/\"},\"wordCount\":428,\"commentCount\":0,\"image\":{\"@id\":\"https:\/\/laorquideadedarwin.com\/va\/porque-los-cuentacuentos-son-recomendables-para-nuestras-hijas-e-hijos-y-mejor-con-musica\/#primaryimage\"},\"thumbnailUrl\":\"https:\/\/laorquideadedarwin.com\/wp-content\/uploads\/2018\/07\/cuentacuentos_arbol_bosque_lectura.jpg\",\"keywords\":[\"contes infantils\",\"musica\"],\"articleSection\":[\"Sin categorizar\"],\"inLanguage\":\"ca\",\"potentialAction\":[{\"@type\":\"CommentAction\",\"name\":\"Comment\",\"target\":[\"https:\/\/laorquideadedarwin.com\/va\/porque-los-cuentacuentos-son-recomendables-para-nuestras-hijas-e-hijos-y-mejor-con-musica\/#respond\"]}]},{\"@type\":\"WebPage\",\"@id\":\"https:\/\/laorquideadedarwin.com\/va\/porque-los-cuentacuentos-son-recomendables-para-nuestras-hijas-e-hijos-y-mejor-con-musica\/\",\"url\":\"https:\/\/laorquideadedarwin.com\/va\/porque-los-cuentacuentos-son-recomendables-para-nuestras-hijas-e-hijos-y-mejor-con-musica\/\",\"name\":\"Perqu\u00e8 els contacontes s\u00f3n recomanables per a les nostres filles i fills, i millor si \u00e9s amb m\u00fasica - La Orqu\u00eddea de Darwin\",\"isPartOf\":{\"@id\":\"https:\/\/laorquideadedarwin.com\/#website\"},\"primaryImageOfPage\":{\"@id\":\"https:\/\/laorquideadedarwin.com\/va\/porque-los-cuentacuentos-son-recomendables-para-nuestras-hijas-e-hijos-y-mejor-con-musica\/#primaryimage\"},\"image\":{\"@id\":\"https:\/\/laorquideadedarwin.com\/va\/porque-los-cuentacuentos-son-recomendables-para-nuestras-hijas-e-hijos-y-mejor-con-musica\/#primaryimage\"},\"thumbnailUrl\":\"https:\/\/laorquideadedarwin.com\/wp-content\/uploads\/2018\/07\/cuentacuentos_arbol_bosque_lectura.jpg\",\"datePublished\":\"2018-07-12T10:38:36+00:00\",\"dateModified\":\"2018-07-12T10:45:13+00:00\",\"author\":{\"@id\":\"https:\/\/laorquideadedarwin.com\/#\/schema\/person\/b0e6530cb9f98437f091792b19c28404\"},\"breadcrumb\":{\"@id\":\"https:\/\/laorquideadedarwin.com\/va\/porque-los-cuentacuentos-son-recomendables-para-nuestras-hijas-e-hijos-y-mejor-con-musica\/#breadcrumb\"},\"inLanguage\":\"ca\",\"potentialAction\":[{\"@type\":\"ReadAction\",\"target\":[\"https:\/\/laorquideadedarwin.com\/va\/porque-los-cuentacuentos-son-recomendables-para-nuestras-hijas-e-hijos-y-mejor-con-musica\/\"]}]},{\"@type\":\"ImageObject\",\"inLanguage\":\"ca\",\"@id\":\"https:\/\/laorquideadedarwin.com\/va\/porque-los-cuentacuentos-son-recomendables-para-nuestras-hijas-e-hijos-y-mejor-con-musica\/#primaryimage\",\"url\":\"https:\/\/laorquideadedarwin.com\/wp-content\/uploads\/2018\/07\/cuentacuentos_arbol_bosque_lectura.jpg\",\"contentUrl\":\"https:\/\/laorquideadedarwin.com\/wp-content\/uploads\/2018\/07\/cuentacuentos_arbol_bosque_lectura.jpg\",\"width\":1024,\"height\":530},{\"@type\":\"BreadcrumbList\",\"@id\":\"https:\/\/laorquideadedarwin.com\/va\/porque-los-cuentacuentos-son-recomendables-para-nuestras-hijas-e-hijos-y-mejor-con-musica\/#breadcrumb\",\"itemListElement\":[{\"@type\":\"ListItem\",\"position\":1,\"name\":\"Portada\",\"item\":\"https:\/\/laorquideadedarwin.com\/va\/\"},{\"@type\":\"ListItem\",\"position\":2,\"name\":\"Perqu\u00e8 els contacontes s\u00f3n recomanables per a les nostres filles i fills, i millor si \u00e9s amb m\u00fasica\"}]},{\"@type\":\"WebSite\",\"@id\":\"https:\/\/laorquideadedarwin.com\/#website\",\"url\":\"https:\/\/laorquideadedarwin.com\/\",\"name\":\"La Orqu\u00eddea de Darwin\",\"description\":\"Colecci\u00f3n de cuentos sobre temas ambientales\",\"potentialAction\":[{\"@type\":\"SearchAction\",\"target\":{\"@type\":\"EntryPoint\",\"urlTemplate\":\"https:\/\/laorquideadedarwin.com\/?s={search_term_string}\"},\"query-input\":{\"@type\":\"PropertyValueSpecification\",\"valueRequired\":true,\"valueName\":\"search_term_string\"}}],\"inLanguage\":\"ca\"},{\"@type\":\"Person\",\"@id\":\"https:\/\/laorquideadedarwin.com\/#\/schema\/person\/b0e6530cb9f98437f091792b19c28404\",\"name\":\"Albano L\u00f3pez\",\"image\":{\"@type\":\"ImageObject\",\"inLanguage\":\"ca\",\"@id\":\"https:\/\/laorquideadedarwin.com\/#\/schema\/person\/image\/\",\"url\":\"https:\/\/secure.gravatar.com\/avatar\/3caca30a3eaa11bfcc8e65e7e716a2ebfbc9d2cc5d2ebe9c2cb4ec2450ec7aad?s=96&d=mm&r=g\",\"contentUrl\":\"https:\/\/secure.gravatar.com\/avatar\/3caca30a3eaa11bfcc8e65e7e716a2ebfbc9d2cc5d2ebe9c2cb4ec2450ec7aad?s=96&d=mm&r=g\",\"caption\":\"Albano L\u00f3pez\"}}]}<\/script>\n<!-- \/ Yoast SEO plugin. -->","yoast_head_json":{"title":"Perqu\u00e8 els contacontes s\u00f3n recomanables per a les nostres filles i fills, i millor si \u00e9s amb m\u00fasica - La Orqu\u00eddea de Darwin","robots":{"index":"index","follow":"follow","max-snippet":"max-snippet:-1","max-image-preview":"max-image-preview:large","max-video-preview":"max-video-preview:-1"},"canonical":"https:\/\/laorquideadedarwin.com\/va\/porque-los-cuentacuentos-son-recomendables-para-nuestras-hijas-e-hijos-y-mejor-con-musica\/","og_locale":"en_US","og_type":"article","og_title":"Perqu\u00e8 els contacontes s\u00f3n recomanables per a les nostres filles i fills, i millor si \u00e9s amb m\u00fasica - La Orqu\u00eddea de Darwin","og_description":"Els contes s\u00f3n eines que no ens fallen per a educar Mentre es relata una hist\u00f2ria, a\u00e7\u00f2 m\u00e0gic que \u00e9s [&hellip;]","og_url":"https:\/\/laorquideadedarwin.com\/va\/porque-los-cuentacuentos-son-recomendables-para-nuestras-hijas-e-hijos-y-mejor-con-musica\/","og_site_name":"La Orqu\u00eddea de Darwin","article_published_time":"2018-07-12T10:38:36+00:00","article_modified_time":"2018-07-12T10:45:13+00:00","og_image":[{"width":1024,"height":530,"url":"https:\/\/laorquideadedarwin.com\/wp-content\/uploads\/2018\/07\/cuentacuentos_arbol_bosque_lectura.jpg","type":"image\/jpeg"}],"author":"Albano L\u00f3pez","twitter_card":"summary_large_image","twitter_misc":{"Written by":"Albano L\u00f3pez","Est. reading time":"2 minutes"},"schema":{"@context":"https:\/\/schema.org","@graph":[{"@type":"Article","@id":"https:\/\/laorquideadedarwin.com\/va\/porque-los-cuentacuentos-son-recomendables-para-nuestras-hijas-e-hijos-y-mejor-con-musica\/#article","isPartOf":{"@id":"https:\/\/laorquideadedarwin.com\/va\/porque-los-cuentacuentos-son-recomendables-para-nuestras-hijas-e-hijos-y-mejor-con-musica\/"},"author":{"name":"Albano L\u00f3pez","@id":"https:\/\/laorquideadedarwin.com\/#\/schema\/person\/b0e6530cb9f98437f091792b19c28404"},"headline":"Perqu\u00e8 els contacontes s\u00f3n recomanables per a les nostres filles i fills, i millor si \u00e9s amb m\u00fasica","datePublished":"2018-07-12T10:38:36+00:00","dateModified":"2018-07-12T10:45:13+00:00","mainEntityOfPage":{"@id":"https:\/\/laorquideadedarwin.com\/va\/porque-los-cuentacuentos-son-recomendables-para-nuestras-hijas-e-hijos-y-mejor-con-musica\/"},"wordCount":428,"commentCount":0,"image":{"@id":"https:\/\/laorquideadedarwin.com\/va\/porque-los-cuentacuentos-son-recomendables-para-nuestras-hijas-e-hijos-y-mejor-con-musica\/#primaryimage"},"thumbnailUrl":"https:\/\/laorquideadedarwin.com\/wp-content\/uploads\/2018\/07\/cuentacuentos_arbol_bosque_lectura.jpg","keywords":["contes infantils","musica"],"articleSection":["Sin categorizar"],"inLanguage":"ca","potentialAction":[{"@type":"CommentAction","name":"Comment","target":["https:\/\/laorquideadedarwin.com\/va\/porque-los-cuentacuentos-son-recomendables-para-nuestras-hijas-e-hijos-y-mejor-con-musica\/#respond"]}]},{"@type":"WebPage","@id":"https:\/\/laorquideadedarwin.com\/va\/porque-los-cuentacuentos-son-recomendables-para-nuestras-hijas-e-hijos-y-mejor-con-musica\/","url":"https:\/\/laorquideadedarwin.com\/va\/porque-los-cuentacuentos-son-recomendables-para-nuestras-hijas-e-hijos-y-mejor-con-musica\/","name":"Perqu\u00e8 els contacontes s\u00f3n recomanables per a les nostres filles i fills, i millor si \u00e9s amb m\u00fasica - La Orqu\u00eddea de Darwin","isPartOf":{"@id":"https:\/\/laorquideadedarwin.com\/#website"},"primaryImageOfPage":{"@id":"https:\/\/laorquideadedarwin.com\/va\/porque-los-cuentacuentos-son-recomendables-para-nuestras-hijas-e-hijos-y-mejor-con-musica\/#primaryimage"},"image":{"@id":"https:\/\/laorquideadedarwin.com\/va\/porque-los-cuentacuentos-son-recomendables-para-nuestras-hijas-e-hijos-y-mejor-con-musica\/#primaryimage"},"thumbnailUrl":"https:\/\/laorquideadedarwin.com\/wp-content\/uploads\/2018\/07\/cuentacuentos_arbol_bosque_lectura.jpg","datePublished":"2018-07-12T10:38:36+00:00","dateModified":"2018-07-12T10:45:13+00:00","author":{"@id":"https:\/\/laorquideadedarwin.com\/#\/schema\/person\/b0e6530cb9f98437f091792b19c28404"},"breadcrumb":{"@id":"https:\/\/laorquideadedarwin.com\/va\/porque-los-cuentacuentos-son-recomendables-para-nuestras-hijas-e-hijos-y-mejor-con-musica\/#breadcrumb"},"inLanguage":"ca","potentialAction":[{"@type":"ReadAction","target":["https:\/\/laorquideadedarwin.com\/va\/porque-los-cuentacuentos-son-recomendables-para-nuestras-hijas-e-hijos-y-mejor-con-musica\/"]}]},{"@type":"ImageObject","inLanguage":"ca","@id":"https:\/\/laorquideadedarwin.com\/va\/porque-los-cuentacuentos-son-recomendables-para-nuestras-hijas-e-hijos-y-mejor-con-musica\/#primaryimage","url":"https:\/\/laorquideadedarwin.com\/wp-content\/uploads\/2018\/07\/cuentacuentos_arbol_bosque_lectura.jpg","contentUrl":"https:\/\/laorquideadedarwin.com\/wp-content\/uploads\/2018\/07\/cuentacuentos_arbol_bosque_lectura.jpg","width":1024,"height":530},{"@type":"BreadcrumbList","@id":"https:\/\/laorquideadedarwin.com\/va\/porque-los-cuentacuentos-son-recomendables-para-nuestras-hijas-e-hijos-y-mejor-con-musica\/#breadcrumb","itemListElement":[{"@type":"ListItem","position":1,"name":"Portada","item":"https:\/\/laorquideadedarwin.com\/va\/"},{"@type":"ListItem","position":2,"name":"Perqu\u00e8 els contacontes s\u00f3n recomanables per a les nostres filles i fills, i millor si \u00e9s amb m\u00fasica"}]},{"@type":"WebSite","@id":"https:\/\/laorquideadedarwin.com\/#website","url":"https:\/\/laorquideadedarwin.com\/","name":"La Orqu\u00eddea de Darwin","description":"Colecci\u00f3n de cuentos sobre temas ambientales","potentialAction":[{"@type":"SearchAction","target":{"@type":"EntryPoint","urlTemplate":"https:\/\/laorquideadedarwin.com\/?s={search_term_string}"},"query-input":{"@type":"PropertyValueSpecification","valueRequired":true,"valueName":"search_term_string"}}],"inLanguage":"ca"},{"@type":"Person","@id":"https:\/\/laorquideadedarwin.com\/#\/schema\/person\/b0e6530cb9f98437f091792b19c28404","name":"Albano L\u00f3pez","image":{"@type":"ImageObject","inLanguage":"ca","@id":"https:\/\/laorquideadedarwin.com\/#\/schema\/person\/image\/","url":"https:\/\/secure.gravatar.com\/avatar\/3caca30a3eaa11bfcc8e65e7e716a2ebfbc9d2cc5d2ebe9c2cb4ec2450ec7aad?s=96&d=mm&r=g","contentUrl":"https:\/\/secure.gravatar.com\/avatar\/3caca30a3eaa11bfcc8e65e7e716a2ebfbc9d2cc5d2ebe9c2cb4ec2450ec7aad?s=96&d=mm&r=g","caption":"Albano L\u00f3pez"}}]}},"_links":{"self":[{"href":"https:\/\/laorquideadedarwin.com\/va\/wp-json\/wp\/v2\/posts\/2333","targetHints":{"allow":["GET"]}}],"collection":[{"href":"https:\/\/laorquideadedarwin.com\/va\/wp-json\/wp\/v2\/posts"}],"about":[{"href":"https:\/\/laorquideadedarwin.com\/va\/wp-json\/wp\/v2\/types\/post"}],"author":[{"embeddable":true,"href":"https:\/\/laorquideadedarwin.com\/va\/wp-json\/wp\/v2\/users\/2"}],"replies":[{"embeddable":true,"href":"https:\/\/laorquideadedarwin.com\/va\/wp-json\/wp\/v2\/comments?post=2333"}],"version-history":[{"count":0,"href":"https:\/\/laorquideadedarwin.com\/va\/wp-json\/wp\/v2\/posts\/2333\/revisions"}],"wp:featuredmedia":[{"embeddable":true,"href":"https:\/\/laorquideadedarwin.com\/va\/wp-json\/wp\/v2\/media\/2335"}],"wp:attachment":[{"href":"https:\/\/laorquideadedarwin.com\/va\/wp-json\/wp\/v2\/media?parent=2333"}],"wp:term":[{"taxonomy":"category","embeddable":true,"href":"https:\/\/laorquideadedarwin.com\/va\/wp-json\/wp\/v2\/categories?post=2333"},{"taxonomy":"post_tag","embeddable":true,"href":"https:\/\/laorquideadedarwin.com\/va\/wp-json\/wp\/v2\/tags?post=2333"}],"curies":[{"name":"wp","href":"https:\/\/api.w.org\/{rel}","templated":true}]}}