


{"id":1415,"date":"2018-04-03T13:27:56","date_gmt":"2018-04-03T13:27:56","guid":{"rendered":"http:\/\/laorquideadedarwin.com\/?p=1415"},"modified":"2018-06-07T08:24:33","modified_gmt":"2018-06-07T08:24:33","slug":"leditorial-lorquidia-de-darwin","status":"publish","type":"post","link":"https:\/\/laorquideadedarwin.com\/va\/leditorial-lorquidia-de-darwin\/","title":{"rendered":"L&#8217;editorial l&#8217;Orqu\u00eddia de Darwin"},"content":{"rendered":"<h2>L&#8217;origen<\/h2>\n<p>El nom de l&#8217;editorial t\u00e9 el seu origen en un llarga hist\u00f2ria. Una hist\u00f2ria de pr\u00e0cticament 200 anys que sempre m&#8217;ha fet que pensar. Aquesta hist\u00f2ria comen\u00e7a fa molt temps. En 1822 el bot\u00e0nic franc\u00e9s Louis Marie Aubert du Petit-Thouars (1758-1831) va descobrir a Madagascar una meravellosa orqu\u00eddia, la <em>Angraecum sesquipedale<\/em> Thouars, 1822.<\/p>\n<div id=\"attachment_910\" style=\"width: 1034px\" class=\"wp-caption alignnone\"><img loading=\"lazy\" decoding=\"async\" aria-describedby=\"caption-attachment-910\" class=\"size-large wp-image-910\" src=\"https:\/\/laorquideadedarwin.com\/wp-content\/uploads\/2018\/02\/orquideas.jpg\" alt=\"\" width=\"1024\" height=\"701\" srcset=\"https:\/\/laorquideadedarwin.com\/wp-content\/uploads\/2018\/02\/orquideas.jpg 1811w, https:\/\/laorquideadedarwin.com\/wp-content\/uploads\/2018\/02\/orquideas-300x205.jpg 300w, https:\/\/laorquideadedarwin.com\/wp-content\/uploads\/2018\/02\/orquideas-1024x701.jpg 1024w, https:\/\/laorquideadedarwin.com\/wp-content\/uploads\/2018\/02\/orquideas-768x526.jpg 768w, https:\/\/laorquideadedarwin.com\/wp-content\/uploads\/2018\/02\/orquideas-1536x1052.jpg 1536w, https:\/\/laorquideadedarwin.com\/wp-content\/uploads\/2018\/02\/orquideas-294x201.jpg 294w, https:\/\/laorquideadedarwin.com\/wp-content\/uploads\/2018\/02\/orquideas-380x260.jpg 380w\" sizes=\"auto, (max-width: 1024px) 100vw, 1024px\" \/><p id=\"caption-attachment-910\" class=\"wp-caption-text\">Imatges. 1) Coberta del llibre sobre les orqu\u00eddies de Darwin, primera edici\u00f3 1862. Foto fons bibliogr\u00e0fic de Natura i Cultura. 2) Gravat de Angraecum sesquipedale de l&#8217;any 1897, en commons.wikimedia.org<\/p><\/div>\n<p>Uns anys m\u00e9s tard, <strong>Charles Darwin<\/strong> (1809-1882) publica el llibre <strong>Sobre l&#8217;Origen de les Esp\u00e8cies<\/strong> (1859). El llibre era un resum, com ell deia, de la seua teoria sobre la selecci\u00f3 natural per a explicar l&#8217;evoluci\u00f3 de les esp\u00e8cies. En els anys successius Darwin va treballar en diferents disciplines, entre elles la bot\u00e0nica, per a explicar i justificar els seus plantejaments sobre com es produeix l&#8217;evoluci\u00f3. Tenia una xarxa molt gran de contactes. Cient\u00edfics, criadors de coloms\u2026 Un conreador d&#8217;orqu\u00eddies de la Royal Society de Londres que coneixia el seu treball, li va enviar una caixa amb orqu\u00eddies. Entre elles, hi havia una que va despertar l&#8217;inter\u00e8s de Darwin de forma particular. Era l&#8217;orqu\u00eddia de nadal, estel de Bel\u00e9n o m\u00e9s coneguda ara com a <strong>orqu\u00eddia de Darwin<\/strong>, la <em>Angraecum<\/em>. Li va cridar l&#8217;atenci\u00f3 el llargu\u00edsim nectari, l\u2019espol\u00f3 de 25-30 cm. Fent \u00fas de la l\u00f2gica cient\u00edfica, en el seu llibre On the various contrivances by whitch british and foreign ochids llaure fertilised by insects, publicat al gener de 1862, i basant-se en els processos de co-evoluci\u00f3 entre orqu\u00eddies i insectes, va predir que hi hauria una papallona esfinx amb una espiritrompa de la longitud de lespol\u00f3. Doncs hauria d&#8217;arribar al final del mateix per a prendre el n\u00e8ctar. Quan Darwin va publicar el llibre no es tenia cap refer\u00e8ncia de l&#8217;exist\u00e8ncia de l&#8217;arna. La idea va ser recolzada per A.R. Wallace, l&#8217;altre pare de la teoria de la selecci\u00f3 natural, en un article de 1867.<\/p>\n<p>A Madagascar, l&#8217;any 1903, es va trobar una arna amb una espiritrompa d&#8217;uns 30 cm.<br \/>\nSe li va cridar <em>Xanthopan morganii praedicta<\/em>. \u201cPredita\u201d en refer\u00e8ncia al plantejat per Darwin. Per\u00f2, era aquesta la papallona que libaba el n\u00e8ctar de l&#8217;orqu\u00eddia de Darwin? Doncs s\u00ed, per\u00f2 es van necessitar altres noranta anys fins que es va aconseguir veure a l&#8217;arna libar en la flor.<\/p>\n<p>&nbsp;<\/p>\n<div id=\"attachment_913\" style=\"width: 1034px\" class=\"wp-caption alignnone\"><img loading=\"lazy\" decoding=\"async\" aria-describedby=\"caption-attachment-913\" class=\"size-large wp-image-913\" src=\"https:\/\/laorquideadedarwin.com\/wp-content\/uploads\/2018\/02\/NHM_Xanthopan_morgani.jpg\" alt=\"\" width=\"1024\" height=\"598\" srcset=\"https:\/\/laorquideadedarwin.com\/wp-content\/uploads\/2018\/02\/NHM_Xanthopan_morgani.jpg 1472w, https:\/\/laorquideadedarwin.com\/wp-content\/uploads\/2018\/02\/NHM_Xanthopan_morgani-300x175.jpg 300w, https:\/\/laorquideadedarwin.com\/wp-content\/uploads\/2018\/02\/NHM_Xanthopan_morgani-1024x598.jpg 1024w, https:\/\/laorquideadedarwin.com\/wp-content\/uploads\/2018\/02\/NHM_Xanthopan_morgani-768x448.jpg 768w, https:\/\/laorquideadedarwin.com\/wp-content\/uploads\/2018\/02\/NHM_Xanthopan_morgani-294x172.jpg 294w, https:\/\/laorquideadedarwin.com\/wp-content\/uploads\/2018\/02\/NHM_Xanthopan_morgani-380x222.jpg 380w\" sizes=\"auto, (max-width: 1024px) 100vw, 1024px\" \/><p id=\"caption-attachment-913\" class=\"wp-caption-text\">Image. Xanthopan morgani praedicta. Natural History Museum of London, commons.wikimedia.org<\/p><\/div>\n<h3>La curiositat i el coneixement<\/h3>\n<p>Aquesta \u00e9s una hist\u00f2ria que sempre m&#8217;ha agradat, com la hist\u00f2ria de Charles Darwin. Amb una base s\u00f2lida de coneixement, amb un bon m\u00e8tode com \u00e9s la ci\u00e8ncia, podem descobrir les meravelles de la naturalesa i de nosaltres mateixos. La natura no oculta gens, tot ho tenim davant els nostres ulls. Nom\u00e9s hem de tenir curiositat, fer-nos preguntes, observar i pensar. Darwin va veure alguna cosa \u201coculta\u201d a moltes persones, si aprenem a mirar podem veure m\u00e9s enll\u00e0 de l&#8217;evident.<\/p>\n<p>La nostra editorial, cada hist\u00f2ria, com l&#8217;orqu\u00eddia de Darwin, tanca secrets que amb inter\u00e8s i curiositat, mitjan\u00e7ant la lectura podran descobrir i interioritzar. S\u00f3n hist\u00f2ries que parlen al fons del nostre intel\u00b7lecte. I els xiquets i xiquetes saben escoltar.<\/p>\n<p>NOTA: Pots veure v\u00eddeos de l&#8217;orqu\u00eddia, la papallona i la seua llarga espiritrompa, la demostraci\u00f3 que la predicci\u00f3 de Darwin era correcta, en els seg\u00fcents enlla\u00e7os:<\/p>\n<p><a href=\"https:\/\/www.youtube.com\/watch?v=mA7Gdlju7Fo\">https:\/\/www.youtube.com\/watch?v=mA7Gdlju7Fo<\/a><\/p>\n<p><a href=\"https:\/\/www.youtube.com\/watch?v=iMz6lApJgu4\">https:\/\/www.youtube.com\/watch?v=iMz6lApJgu4<\/a><\/p>\n","protected":false},"excerpt":{"rendered":"<p>L&#8217;origen El nom de l&#8217;editorial t\u00e9 el seu origen en un llarga hist\u00f2ria. Una hist\u00f2ria de pr\u00e0cticament 200 anys que [&hellip;]<\/p>\n","protected":false},"author":2,"featured_media":1050,"comment_status":"open","ping_status":"open","sticky":false,"template":"","format":"standard","meta":{"_acf_changed":false,"footnotes":""},"categories":[103],"tags":[],"class_list":["post-1415","post","type-post","status-publish","format-standard","has-post-thumbnail","hentry","category-editorial-va"],"acf":[],"yoast_head":"<!-- This site is optimized with the Yoast SEO plugin v26.7 - https:\/\/yoast.com\/wordpress\/plugins\/seo\/ -->\n<title>L&#039;editorial l&#039;Orqu\u00eddia de Darwin - La Orqu\u00eddea de Darwin<\/title>\n<meta name=\"robots\" content=\"index, follow, max-snippet:-1, max-image-preview:large, max-video-preview:-1\" \/>\n<link rel=\"canonical\" href=\"https:\/\/laorquideadedarwin.com\/va\/leditorial-lorquidia-de-darwin\/\" \/>\n<meta property=\"og:locale\" content=\"en_US\" \/>\n<meta property=\"og:type\" content=\"article\" \/>\n<meta property=\"og:title\" content=\"L&#039;editorial l&#039;Orqu\u00eddia de Darwin - La Orqu\u00eddea de Darwin\" \/>\n<meta property=\"og:description\" content=\"L&#8217;origen El nom de l&#8217;editorial t\u00e9 el seu origen en un llarga hist\u00f2ria. Una hist\u00f2ria de pr\u00e0cticament 200 anys que [&hellip;]\" \/>\n<meta property=\"og:url\" content=\"https:\/\/laorquideadedarwin.com\/va\/leditorial-lorquidia-de-darwin\/\" \/>\n<meta property=\"og:site_name\" content=\"La Orqu\u00eddea de Darwin\" \/>\n<meta property=\"article:published_time\" content=\"2018-04-03T13:27:56+00:00\" \/>\n<meta property=\"article:modified_time\" content=\"2018-06-07T08:24:33+00:00\" \/>\n<meta property=\"og:image\" content=\"https:\/\/laorquideadedarwin.com\/wp-content\/uploads\/2018\/02\/orquidea_img.jpg\" \/>\n\t<meta property=\"og:image:width\" content=\"794\" \/>\n\t<meta property=\"og:image:height\" content=\"422\" \/>\n\t<meta property=\"og:image:type\" content=\"image\/jpeg\" \/>\n<meta name=\"author\" content=\"Albano L\u00f3pez\" \/>\n<meta name=\"twitter:card\" content=\"summary_large_image\" \/>\n<meta name=\"twitter:label1\" content=\"Written by\" \/>\n\t<meta name=\"twitter:data1\" content=\"Albano L\u00f3pez\" \/>\n\t<meta name=\"twitter:label2\" content=\"Est. reading time\" \/>\n\t<meta name=\"twitter:data2\" content=\"3 minutes\" \/>\n<script type=\"application\/ld+json\" class=\"yoast-schema-graph\">{\"@context\":\"https:\/\/schema.org\",\"@graph\":[{\"@type\":\"Article\",\"@id\":\"https:\/\/laorquideadedarwin.com\/va\/leditorial-lorquidia-de-darwin\/#article\",\"isPartOf\":{\"@id\":\"https:\/\/laorquideadedarwin.com\/va\/leditorial-lorquidia-de-darwin\/\"},\"author\":{\"name\":\"Albano L\u00f3pez\",\"@id\":\"https:\/\/laorquideadedarwin.com\/#\/schema\/person\/b0e6530cb9f98437f091792b19c28404\"},\"headline\":\"L&#8217;editorial l&#8217;Orqu\u00eddia de Darwin\",\"datePublished\":\"2018-04-03T13:27:56+00:00\",\"dateModified\":\"2018-06-07T08:24:33+00:00\",\"mainEntityOfPage\":{\"@id\":\"https:\/\/laorquideadedarwin.com\/va\/leditorial-lorquidia-de-darwin\/\"},\"wordCount\":634,\"commentCount\":2,\"image\":{\"@id\":\"https:\/\/laorquideadedarwin.com\/va\/leditorial-lorquidia-de-darwin\/#primaryimage\"},\"thumbnailUrl\":\"https:\/\/laorquideadedarwin.com\/wp-content\/uploads\/2018\/02\/orquidea_img.jpg\",\"articleSection\":[\"Editorial\"],\"inLanguage\":\"ca\",\"potentialAction\":[{\"@type\":\"CommentAction\",\"name\":\"Comment\",\"target\":[\"https:\/\/laorquideadedarwin.com\/va\/leditorial-lorquidia-de-darwin\/#respond\"]}]},{\"@type\":\"WebPage\",\"@id\":\"https:\/\/laorquideadedarwin.com\/va\/leditorial-lorquidia-de-darwin\/\",\"url\":\"https:\/\/laorquideadedarwin.com\/va\/leditorial-lorquidia-de-darwin\/\",\"name\":\"L'editorial l'Orqu\u00eddia de Darwin - La Orqu\u00eddea de Darwin\",\"isPartOf\":{\"@id\":\"https:\/\/laorquideadedarwin.com\/#website\"},\"primaryImageOfPage\":{\"@id\":\"https:\/\/laorquideadedarwin.com\/va\/leditorial-lorquidia-de-darwin\/#primaryimage\"},\"image\":{\"@id\":\"https:\/\/laorquideadedarwin.com\/va\/leditorial-lorquidia-de-darwin\/#primaryimage\"},\"thumbnailUrl\":\"https:\/\/laorquideadedarwin.com\/wp-content\/uploads\/2018\/02\/orquidea_img.jpg\",\"datePublished\":\"2018-04-03T13:27:56+00:00\",\"dateModified\":\"2018-06-07T08:24:33+00:00\",\"author\":{\"@id\":\"https:\/\/laorquideadedarwin.com\/#\/schema\/person\/b0e6530cb9f98437f091792b19c28404\"},\"breadcrumb\":{\"@id\":\"https:\/\/laorquideadedarwin.com\/va\/leditorial-lorquidia-de-darwin\/#breadcrumb\"},\"inLanguage\":\"ca\",\"potentialAction\":[{\"@type\":\"ReadAction\",\"target\":[\"https:\/\/laorquideadedarwin.com\/va\/leditorial-lorquidia-de-darwin\/\"]}]},{\"@type\":\"ImageObject\",\"inLanguage\":\"ca\",\"@id\":\"https:\/\/laorquideadedarwin.com\/va\/leditorial-lorquidia-de-darwin\/#primaryimage\",\"url\":\"https:\/\/laorquideadedarwin.com\/wp-content\/uploads\/2018\/02\/orquidea_img.jpg\",\"contentUrl\":\"https:\/\/laorquideadedarwin.com\/wp-content\/uploads\/2018\/02\/orquidea_img.jpg\",\"width\":794,\"height\":422,\"caption\":\"articulo origen editorial\"},{\"@type\":\"BreadcrumbList\",\"@id\":\"https:\/\/laorquideadedarwin.com\/va\/leditorial-lorquidia-de-darwin\/#breadcrumb\",\"itemListElement\":[{\"@type\":\"ListItem\",\"position\":1,\"name\":\"Portada\",\"item\":\"https:\/\/laorquideadedarwin.com\/va\/\"},{\"@type\":\"ListItem\",\"position\":2,\"name\":\"L&#8217;editorial l&#8217;Orqu\u00eddia de Darwin\"}]},{\"@type\":\"WebSite\",\"@id\":\"https:\/\/laorquideadedarwin.com\/#website\",\"url\":\"https:\/\/laorquideadedarwin.com\/\",\"name\":\"La Orqu\u00eddea de Darwin\",\"description\":\"Colecci\u00f3n de cuentos sobre temas ambientales\",\"potentialAction\":[{\"@type\":\"SearchAction\",\"target\":{\"@type\":\"EntryPoint\",\"urlTemplate\":\"https:\/\/laorquideadedarwin.com\/?s={search_term_string}\"},\"query-input\":{\"@type\":\"PropertyValueSpecification\",\"valueRequired\":true,\"valueName\":\"search_term_string\"}}],\"inLanguage\":\"ca\"},{\"@type\":\"Person\",\"@id\":\"https:\/\/laorquideadedarwin.com\/#\/schema\/person\/b0e6530cb9f98437f091792b19c28404\",\"name\":\"Albano L\u00f3pez\",\"image\":{\"@type\":\"ImageObject\",\"inLanguage\":\"ca\",\"@id\":\"https:\/\/laorquideadedarwin.com\/#\/schema\/person\/image\/\",\"url\":\"https:\/\/secure.gravatar.com\/avatar\/3caca30a3eaa11bfcc8e65e7e716a2ebfbc9d2cc5d2ebe9c2cb4ec2450ec7aad?s=96&d=mm&r=g\",\"contentUrl\":\"https:\/\/secure.gravatar.com\/avatar\/3caca30a3eaa11bfcc8e65e7e716a2ebfbc9d2cc5d2ebe9c2cb4ec2450ec7aad?s=96&d=mm&r=g\",\"caption\":\"Albano L\u00f3pez\"}}]}<\/script>\n<!-- \/ Yoast SEO plugin. -->","yoast_head_json":{"title":"L'editorial l'Orqu\u00eddia de Darwin - La Orqu\u00eddea de Darwin","robots":{"index":"index","follow":"follow","max-snippet":"max-snippet:-1","max-image-preview":"max-image-preview:large","max-video-preview":"max-video-preview:-1"},"canonical":"https:\/\/laorquideadedarwin.com\/va\/leditorial-lorquidia-de-darwin\/","og_locale":"en_US","og_type":"article","og_title":"L'editorial l'Orqu\u00eddia de Darwin - La Orqu\u00eddea de Darwin","og_description":"L&#8217;origen El nom de l&#8217;editorial t\u00e9 el seu origen en un llarga hist\u00f2ria. Una hist\u00f2ria de pr\u00e0cticament 200 anys que [&hellip;]","og_url":"https:\/\/laorquideadedarwin.com\/va\/leditorial-lorquidia-de-darwin\/","og_site_name":"La Orqu\u00eddea de Darwin","article_published_time":"2018-04-03T13:27:56+00:00","article_modified_time":"2018-06-07T08:24:33+00:00","og_image":[{"width":794,"height":422,"url":"https:\/\/laorquideadedarwin.com\/wp-content\/uploads\/2018\/02\/orquidea_img.jpg","type":"image\/jpeg"}],"author":"Albano L\u00f3pez","twitter_card":"summary_large_image","twitter_misc":{"Written by":"Albano L\u00f3pez","Est. reading time":"3 minutes"},"schema":{"@context":"https:\/\/schema.org","@graph":[{"@type":"Article","@id":"https:\/\/laorquideadedarwin.com\/va\/leditorial-lorquidia-de-darwin\/#article","isPartOf":{"@id":"https:\/\/laorquideadedarwin.com\/va\/leditorial-lorquidia-de-darwin\/"},"author":{"name":"Albano L\u00f3pez","@id":"https:\/\/laorquideadedarwin.com\/#\/schema\/person\/b0e6530cb9f98437f091792b19c28404"},"headline":"L&#8217;editorial l&#8217;Orqu\u00eddia de Darwin","datePublished":"2018-04-03T13:27:56+00:00","dateModified":"2018-06-07T08:24:33+00:00","mainEntityOfPage":{"@id":"https:\/\/laorquideadedarwin.com\/va\/leditorial-lorquidia-de-darwin\/"},"wordCount":634,"commentCount":2,"image":{"@id":"https:\/\/laorquideadedarwin.com\/va\/leditorial-lorquidia-de-darwin\/#primaryimage"},"thumbnailUrl":"https:\/\/laorquideadedarwin.com\/wp-content\/uploads\/2018\/02\/orquidea_img.jpg","articleSection":["Editorial"],"inLanguage":"ca","potentialAction":[{"@type":"CommentAction","name":"Comment","target":["https:\/\/laorquideadedarwin.com\/va\/leditorial-lorquidia-de-darwin\/#respond"]}]},{"@type":"WebPage","@id":"https:\/\/laorquideadedarwin.com\/va\/leditorial-lorquidia-de-darwin\/","url":"https:\/\/laorquideadedarwin.com\/va\/leditorial-lorquidia-de-darwin\/","name":"L'editorial l'Orqu\u00eddia de Darwin - La Orqu\u00eddea de Darwin","isPartOf":{"@id":"https:\/\/laorquideadedarwin.com\/#website"},"primaryImageOfPage":{"@id":"https:\/\/laorquideadedarwin.com\/va\/leditorial-lorquidia-de-darwin\/#primaryimage"},"image":{"@id":"https:\/\/laorquideadedarwin.com\/va\/leditorial-lorquidia-de-darwin\/#primaryimage"},"thumbnailUrl":"https:\/\/laorquideadedarwin.com\/wp-content\/uploads\/2018\/02\/orquidea_img.jpg","datePublished":"2018-04-03T13:27:56+00:00","dateModified":"2018-06-07T08:24:33+00:00","author":{"@id":"https:\/\/laorquideadedarwin.com\/#\/schema\/person\/b0e6530cb9f98437f091792b19c28404"},"breadcrumb":{"@id":"https:\/\/laorquideadedarwin.com\/va\/leditorial-lorquidia-de-darwin\/#breadcrumb"},"inLanguage":"ca","potentialAction":[{"@type":"ReadAction","target":["https:\/\/laorquideadedarwin.com\/va\/leditorial-lorquidia-de-darwin\/"]}]},{"@type":"ImageObject","inLanguage":"ca","@id":"https:\/\/laorquideadedarwin.com\/va\/leditorial-lorquidia-de-darwin\/#primaryimage","url":"https:\/\/laorquideadedarwin.com\/wp-content\/uploads\/2018\/02\/orquidea_img.jpg","contentUrl":"https:\/\/laorquideadedarwin.com\/wp-content\/uploads\/2018\/02\/orquidea_img.jpg","width":794,"height":422,"caption":"articulo origen editorial"},{"@type":"BreadcrumbList","@id":"https:\/\/laorquideadedarwin.com\/va\/leditorial-lorquidia-de-darwin\/#breadcrumb","itemListElement":[{"@type":"ListItem","position":1,"name":"Portada","item":"https:\/\/laorquideadedarwin.com\/va\/"},{"@type":"ListItem","position":2,"name":"L&#8217;editorial l&#8217;Orqu\u00eddia de Darwin"}]},{"@type":"WebSite","@id":"https:\/\/laorquideadedarwin.com\/#website","url":"https:\/\/laorquideadedarwin.com\/","name":"La Orqu\u00eddea de Darwin","description":"Colecci\u00f3n de cuentos sobre temas ambientales","potentialAction":[{"@type":"SearchAction","target":{"@type":"EntryPoint","urlTemplate":"https:\/\/laorquideadedarwin.com\/?s={search_term_string}"},"query-input":{"@type":"PropertyValueSpecification","valueRequired":true,"valueName":"search_term_string"}}],"inLanguage":"ca"},{"@type":"Person","@id":"https:\/\/laorquideadedarwin.com\/#\/schema\/person\/b0e6530cb9f98437f091792b19c28404","name":"Albano L\u00f3pez","image":{"@type":"ImageObject","inLanguage":"ca","@id":"https:\/\/laorquideadedarwin.com\/#\/schema\/person\/image\/","url":"https:\/\/secure.gravatar.com\/avatar\/3caca30a3eaa11bfcc8e65e7e716a2ebfbc9d2cc5d2ebe9c2cb4ec2450ec7aad?s=96&d=mm&r=g","contentUrl":"https:\/\/secure.gravatar.com\/avatar\/3caca30a3eaa11bfcc8e65e7e716a2ebfbc9d2cc5d2ebe9c2cb4ec2450ec7aad?s=96&d=mm&r=g","caption":"Albano L\u00f3pez"}}]}},"_links":{"self":[{"href":"https:\/\/laorquideadedarwin.com\/va\/wp-json\/wp\/v2\/posts\/1415","targetHints":{"allow":["GET"]}}],"collection":[{"href":"https:\/\/laorquideadedarwin.com\/va\/wp-json\/wp\/v2\/posts"}],"about":[{"href":"https:\/\/laorquideadedarwin.com\/va\/wp-json\/wp\/v2\/types\/post"}],"author":[{"embeddable":true,"href":"https:\/\/laorquideadedarwin.com\/va\/wp-json\/wp\/v2\/users\/2"}],"replies":[{"embeddable":true,"href":"https:\/\/laorquideadedarwin.com\/va\/wp-json\/wp\/v2\/comments?post=1415"}],"version-history":[{"count":0,"href":"https:\/\/laorquideadedarwin.com\/va\/wp-json\/wp\/v2\/posts\/1415\/revisions"}],"wp:featuredmedia":[{"embeddable":true,"href":"https:\/\/laorquideadedarwin.com\/va\/wp-json\/wp\/v2\/media\/1050"}],"wp:attachment":[{"href":"https:\/\/laorquideadedarwin.com\/va\/wp-json\/wp\/v2\/media?parent=1415"}],"wp:term":[{"taxonomy":"category","embeddable":true,"href":"https:\/\/laorquideadedarwin.com\/va\/wp-json\/wp\/v2\/categories?post=1415"},{"taxonomy":"post_tag","embeddable":true,"href":"https:\/\/laorquideadedarwin.com\/va\/wp-json\/wp\/v2\/tags?post=1415"}],"curies":[{"name":"wp","href":"https:\/\/api.w.org\/{rel}","templated":true}]}}